{"id":7900,"date":"2021-11-04T08:30:00","date_gmt":"2021-11-04T11:30:00","guid":{"rendered":"http:\/\/www.proma.com.br\/blog\/?p=7900"},"modified":"2021-11-01T08:42:12","modified_gmt":"2021-11-01T11:42:12","slug":"nao-e-so-de-sofa-que-se-sobrevive-uma-sala-4-ideias-de-racks","status":"publish","type":"post","link":"https:\/\/www.proma.com.br\/blog\/nao-e-so-de-sofa-que-se-sobrevive-uma-sala-4-ideias-de-racks\/","title":{"rendered":"N\u00c3O \u00c9 S\u00d3 DE SOF\u00c1 QUE SE SOBREVIVE UMA SALA: 4 IDEIAS DE RACKS"},"content":{"rendered":"\n<p>O rack \u00e9 um dos m\u00f3veis mais importantes para a sua sala de estar \u2013 afinal, voc\u00ea precisa apoiar a televis\u00e3o e outros objetos decorativos.<\/p>\n\n\n\n<p>Opte pela beleza, mas, principalmente, pela funcionalidade. Para contribuir com o seu projeto, listamos 4 ideias.<\/p>\n\n\n\n<p>Confira!<\/p>\n\n\n\n<p><strong>1. MULTIFUNCIONAL<\/strong><\/p>\n\n\n\n<figure class=\"wp-block-image size-large\"><img loading=\"lazy\" width=\"620\" height=\"455\" src=\"http:\/\/www.proma.com.br\/blog\/wp-content\/uploads\/2021\/11\/1.jpg\" alt=\"\" class=\"wp-image-7901\" srcset=\"https:\/\/www.proma.com.br\/blog\/wp-content\/uploads\/2021\/11\/1.jpg 620w, https:\/\/www.proma.com.br\/blog\/wp-content\/uploads\/2021\/11\/1-409x300.jpg 409w\" sizes=\"(max-width: 620px) 100vw, 620px\" \/><\/figure>\n\n\n\n<p>\u200bQue tal apoiar uma bandeja de bebidas no rack para criar um bar caseiro? Neste projeto, o m\u00f3vel conta tamb\u00e9m com uma abertura para incluir uma adega de vinhos.<\/p>\n\n\n\n<p><strong>2. COM FLORES<\/strong><\/p>\n\n\n\n<figure class=\"wp-block-image size-large\"><img loading=\"lazy\" width=\"620\" height=\"455\" src=\"http:\/\/www.proma.com.br\/blog\/wp-content\/uploads\/2021\/11\/2.jpg\" alt=\"\" class=\"wp-image-7902\" srcset=\"https:\/\/www.proma.com.br\/blog\/wp-content\/uploads\/2021\/11\/2.jpg 620w, https:\/\/www.proma.com.br\/blog\/wp-content\/uploads\/2021\/11\/2-409x300.jpg 409w\" sizes=\"(max-width: 620px) 100vw, 620px\" \/><\/figure>\n\n\n\n<p>Nesta sala, o rack \u00e9 pequeno e havia pouco espa\u00e7o entre o m\u00f3vel e a televis\u00e3o. A sa\u00edda foi deixar essa parte livre e colocar vasos com orqu\u00eddeas do lado esquerdo. A ideia \u00e9 simples, mas deixa o ambiente cheio de charme. Gostou?<\/p>\n\n\n\n<p><strong>3. EM N\u00cdVEIS<\/strong><\/p>\n\n\n\n<figure class=\"wp-block-image size-large\"><img loading=\"lazy\" width=\"620\" height=\"455\" src=\"http:\/\/www.proma.com.br\/blog\/wp-content\/uploads\/2021\/11\/3.jpg\" alt=\"\" class=\"wp-image-7903\" srcset=\"https:\/\/www.proma.com.br\/blog\/wp-content\/uploads\/2021\/11\/3.jpg 620w, https:\/\/www.proma.com.br\/blog\/wp-content\/uploads\/2021\/11\/3-409x300.jpg 409w\" sizes=\"(max-width: 620px) 100vw, 620px\" \/><\/figure>\n\n\n\n<p>Um rack de marcenaria planejada \u2013 uma prateleira foi colocada entre os nichos e a TV para criar mais uma \u00e1rea de apoio. Pode ser uma boa t\u00e1tica para esconder fios e equipamentos eletr\u00f4nicos, deixando as pe\u00e7as de decora\u00e7\u00e3o na parte de cima.<\/p>\n\n\n\n<p><strong>4. MODERNO<\/strong><\/p>\n\n\n\n<figure class=\"wp-block-image size-large\"><img loading=\"lazy\" width=\"620\" height=\"455\" src=\"http:\/\/www.proma.com.br\/blog\/wp-content\/uploads\/2021\/11\/4.jpg\" alt=\"\" class=\"wp-image-7904\" srcset=\"https:\/\/www.proma.com.br\/blog\/wp-content\/uploads\/2021\/11\/4.jpg 620w, https:\/\/www.proma.com.br\/blog\/wp-content\/uploads\/2021\/11\/4-409x300.jpg 409w\" sizes=\"(max-width: 620px) 100vw, 620px\" \/><\/figure>\n\n\n\n<p>Outra maneira criativa de decorar o rack \u00e9 pintando-o com uma cor viva e alegre. Assim, nem \u00e9 preciso colocar tantos elementos para enfeit\u00e1-lo.<\/p>\n\n\n\n<p>Qual \u00e9 a sua op\u00e7\u00e3o preferida: 1, 2, 3 ou 4?<\/p>\n\n\n\n<p><strong>Fonte: <\/strong>Casa e Jardim<\/p>\n\n\n\n<p><\/p>\n\n\n\n<p><strong>LEIA TAMB\u00c9M:<\/strong><\/p>\n\n\n\n<p><\/p>\n\n\n\n<figure class=\"wp-block-embed is-type-wp-embed is-provider-proma wp-block-embed-proma\"><div class=\"wp-block-embed__wrapper\">\n<blockquote class=\"wp-embedded-content\" data-secret=\"rRUygAgju3\"><a href=\"http:\/\/www.proma.com.br\/blog\/3-inspiracoes-para-o-rack-da-sala\/\">3 INSPIRA\u00c7\u00d5ES PARA O RACK DA SALA<\/a><\/blockquote><iframe class=\"wp-embedded-content\" sandbox=\"allow-scripts\" security=\"restricted\" style=\"position: absolute; clip: rect(1px, 1px, 1px, 1px);\" title=\"&#8220;3 INSPIRA\u00c7\u00d5ES PARA O RACK DA SALA&#8221; &#8212; Proma\" src=\"http:\/\/www.proma.com.br\/blog\/3-inspiracoes-para-o-rack-da-sala\/embed\/#?secret=rRUygAgju3\" data-secret=\"rRUygAgju3\" width=\"584\" height=\"329\" frameborder=\"0\" marginwidth=\"0\" marginheight=\"0\" scrolling=\"no\"><\/iframe>\n<\/div><\/figure>\n\n\n\n<p><\/p>\n\n\n\n<figure class=\"wp-block-embed is-type-wp-embed is-provider-proma wp-block-embed-proma\"><div class=\"wp-block-embed__wrapper\">\n<blockquote class=\"wp-embedded-content\" data-secret=\"bQmjnv1eFz\"><a href=\"http:\/\/www.proma.com.br\/blog\/rack-na-decoracao-5-ideias-para-servir-de-inspiracao\/\">RACK NA DECORA\u00c7\u00c3O: 5 IDEIAS PARA SERVIR DE INSPIRA\u00c7\u00c3O<\/a><\/blockquote><iframe class=\"wp-embedded-content\" sandbox=\"allow-scripts\" security=\"restricted\" style=\"position: absolute; clip: rect(1px, 1px, 1px, 1px);\" title=\"&#8220;RACK NA DECORA\u00c7\u00c3O: 5 IDEIAS PARA SERVIR DE INSPIRA\u00c7\u00c3O&#8221; &#8212; Proma\" src=\"http:\/\/www.proma.com.br\/blog\/rack-na-decoracao-5-ideias-para-servir-de-inspiracao\/embed\/#?secret=bQmjnv1eFz\" data-secret=\"bQmjnv1eFz\" width=\"584\" height=\"329\" frameborder=\"0\" marginwidth=\"0\" marginheight=\"0\" scrolling=\"no\"><\/iframe>\n<\/div><\/figure>\n","protected":false},"excerpt":{"rendered":"<p>O rack \u00e9 um dos m\u00f3veis mais importantes para a sua sala de estar \u2013 afinal, voc\u00ea precisa apoiar a televis\u00e3o e outros objetos decorativos. Opte pela beleza, mas, principalmente, pela funcionalidade. Para contribuir com o seu projeto, listamos 4&hellip;<\/p>\n","protected":false},"author":3,"featured_media":7901,"comment_status":"open","ping_status":"closed","sticky":false,"template":"","format":"standard","meta":[],"categories":[1,2,2927,1144],"tags":[2281,456,3284,986],"_links":{"self":[{"href":"https:\/\/www.proma.com.br\/blog\/wp-json\/wp\/v2\/posts\/7900"}],"collection":[{"href":"https:\/\/www.proma.com.br\/blog\/wp-json\/wp\/v2\/posts"}],"about":[{"href":"https:\/\/www.proma.com.br\/blog\/wp-json\/wp\/v2\/types\/post"}],"author":[{"embeddable":true,"href":"https:\/\/www.proma.com.br\/blog\/wp-json\/wp\/v2\/users\/3"}],"replies":[{"embeddable":true,"href":"https:\/\/www.proma.com.br\/blog\/wp-json\/wp\/v2\/comments?post=7900"}],"version-history":[{"count":3,"href":"https:\/\/www.proma.com.br\/blog\/wp-json\/wp\/v2\/posts\/7900\/revisions"}],"predecessor-version":[{"id":7907,"href":"https:\/\/www.proma.com.br\/blog\/wp-json\/wp\/v2\/posts\/7900\/revisions\/7907"}],"wp:featuredmedia":[{"embeddable":true,"href":"https:\/\/www.proma.com.br\/blog\/wp-json\/wp\/v2\/media\/7901"}],"wp:attachment":[{"href":"https:\/\/www.proma.com.br\/blog\/wp-json\/wp\/v2\/media?parent=7900"}],"wp:term":[{"taxonomy":"category","embeddable":true,"href":"https:\/\/www.proma.com.br\/blog\/wp-json\/wp\/v2\/categories?post=7900"},{"taxonomy":"post_tag","embeddable":true,"href":"https:\/\/www.proma.com.br\/blog\/wp-json\/wp\/v2\/tags?post=7900"}],"curies":[{"name":"wp","href":"https:\/\/api.w.org\/{rel}","templated":true}]}}