{"id":7911,"date":"2021-11-18T09:40:00","date_gmt":"2021-11-18T12:40:00","guid":{"rendered":"http:\/\/www.proma.com.br\/blog\/?p=7911"},"modified":"2021-11-01T09:49:58","modified_gmt":"2021-11-01T12:49:58","slug":"praticidade-no-dia-a-dia-como-organizar-os-armarios-da-cozinha","status":"publish","type":"post","link":"https:\/\/www.proma.com.br\/blog\/praticidade-no-dia-a-dia-como-organizar-os-armarios-da-cozinha\/","title":{"rendered":"PRATICIDADE NO DIA A DIA: COMO ORGANIZAR OS ARM\u00c1RIOS DA COZINHA?"},"content":{"rendered":"\n<figure class=\"wp-block-image size-large\"><img loading=\"lazy\" width=\"1024\" height=\"683\" src=\"http:\/\/www.proma.com.br\/blog\/wp-content\/uploads\/2021\/11\/01-1024x683.jpg\" alt=\"\" class=\"wp-image-7912\" srcset=\"https:\/\/www.proma.com.br\/blog\/wp-content\/uploads\/2021\/11\/01-1024x683.jpg 1024w, https:\/\/www.proma.com.br\/blog\/wp-content\/uploads\/2021\/11\/01-960x640.jpg 960w, https:\/\/www.proma.com.br\/blog\/wp-content\/uploads\/2021\/11\/01-768x512.jpg 768w, https:\/\/www.proma.com.br\/blog\/wp-content\/uploads\/2021\/11\/01-450x300.jpg 450w, https:\/\/www.proma.com.br\/blog\/wp-content\/uploads\/2021\/11\/01.jpg 1200w\" sizes=\"(max-width: 1024px) 100vw, 1024px\" \/><\/figure>\n\n\n\n<p>N\u00e3o resta nenhuma d\u00favida: a cozinha precisa ser funcional e organizada!<\/p>\n\n\n\n<p>Pense bem! Manter esse ambiente sempre em ordem ajuda na cria\u00e7\u00e3o de uma rotina mais eficiente para voc\u00ea e sua fam\u00edlia. Segundo Marcia Saad, personal organizer, separar a cozinha por \u00e1reas pode ajudar no momento da arruma\u00e7\u00e3o. \u201cPara isso \u00e9 preciso observar a disposi\u00e7\u00e3o do mobili\u00e1rio, dos eletrodom\u00e9sticos e imaginar quem utilizar\u00e1 esses espa\u00e7os no dia a dia. Fazendo isso, fica n\u00edtido que existe uma \u00e1rea de trabalho, um espa\u00e7o de servir e outro de armazenar\u201d, afirma Saad.<\/p>\n\n\n\n<p>De acordo com a profissional, os arm\u00e1rios devem conter o que cada \u00e1rea necessita.<\/p>\n\n\n\n<p>Na <strong>\u00e1rea do preparo<\/strong>, concentre os seguintes itens: panelas, potes de armazenamento, temperos, panos de prato, utens\u00edlios (como esp\u00e1tulas), colheres de pau, escumadeiras e eletrodom\u00e9sticos (como liquidificador).<\/p>\n\n\n\n<p>Pensando na <strong>\u00e1rea de servir<\/strong> que, geralmente, \u00e9 integrada com a sala de jantar, o ideal \u00e9 inserir as lou\u00e7as do dia a dia, como copos, faqueiros, travessas, toalhas de mesa e jogos americanos. J\u00e1 no <strong>setor de armazenamento ou na dispensa<\/strong>, \u00e9 onde devem ficar os estoques de produtos, alimentos e elementos pouco usados, como bandejas e r\u00e9chaud.<\/p>\n\n\n\n<p>\u201cNa despensa, gosto muito de cestas organizadoras para categorizar os alimentos, pois d\u00e1 uma praticidade na hora de fazer a lista de compras. Potes herm\u00e9ticos para conservar os alimentos e evitar os temidos carunchos tamb\u00e9m s\u00e3o bem-vindos\u201d, sugere a organizer Cora Fernandes.<\/p>\n\n\n\n<p>Outro fator que pode ajudar nesse momento s\u00e3o as divis\u00f3rias m\u00f3veis. Cora revela que se voc\u00ea n\u00e3o tiver um m\u00f3vel planejado com os lugares das lou\u00e7as e dos utens\u00edlios j\u00e1 determinados, as divis\u00f3rias s\u00e3o uma \u00f3tima op\u00e7\u00e3o. \u201cElas ajudam na distribui\u00e7\u00e3o de espa\u00e7o, sem precisar fazer grandes mudan\u00e7as\u201d, finaliza.<\/p>\n\n\n\n<p>Sua cozinha est\u00e1 organizada?<\/p>\n\n\n\n<p><strong>Fonte: <\/strong>Casa e Jardim<\/p>\n\n\n\n<p><strong>________<\/strong><\/p>\n\n\n\n<p><strong>LEIA TAMB\u00c9M:<\/strong><\/p>\n\n\n\n<p><\/p>\n\n\n\n<figure class=\"wp-block-embed is-type-wp-embed is-provider-proma wp-block-embed-proma\"><div class=\"wp-block-embed__wrapper\">\n<blockquote class=\"wp-embedded-content\" data-secret=\"UvvPOKKXGG\"><a href=\"http:\/\/www.proma.com.br\/blog\/guia-de-organizacao-como-higienizar-e-arrumar-a-lavanderia\/\">GUIA DE ORGANIZA\u00c7\u00c3O: COMO HIGIENIZAR E ARRUMAR A LAVANDERIA<\/a><\/blockquote><iframe class=\"wp-embedded-content\" sandbox=\"allow-scripts\" security=\"restricted\" style=\"position: absolute; clip: rect(1px, 1px, 1px, 1px);\" title=\"&#8220;GUIA DE ORGANIZA\u00c7\u00c3O: COMO HIGIENIZAR E ARRUMAR A LAVANDERIA&#8221; &#8212; Proma\" src=\"http:\/\/www.proma.com.br\/blog\/guia-de-organizacao-como-higienizar-e-arrumar-a-lavanderia\/embed\/#?secret=UvvPOKKXGG\" data-secret=\"UvvPOKKXGG\" width=\"584\" height=\"329\" frameborder=\"0\" marginwidth=\"0\" marginheight=\"0\" scrolling=\"no\"><\/iframe>\n<\/div><\/figure>\n\n\n\n<figure class=\"wp-block-embed is-type-wp-embed is-provider-proma wp-block-embed-proma\"><div class=\"wp-block-embed__wrapper\">\n<blockquote class=\"wp-embedded-content\" data-secret=\"uKPtSY4228\"><a href=\"http:\/\/www.proma.com.br\/blog\/guia-de-organizacao-como-higienizar-e-arrumar-a-despensa\/\">GUIA DE ORGANIZA\u00c7\u00c3O: COMO HIGIENIZAR E ARRUMAR A DESPENSA<\/a><\/blockquote><iframe class=\"wp-embedded-content\" sandbox=\"allow-scripts\" security=\"restricted\" style=\"position: absolute; clip: rect(1px, 1px, 1px, 1px);\" title=\"&#8220;GUIA DE ORGANIZA\u00c7\u00c3O: COMO HIGIENIZAR E ARRUMAR A DESPENSA&#8221; &#8212; Proma\" src=\"http:\/\/www.proma.com.br\/blog\/guia-de-organizacao-como-higienizar-e-arrumar-a-despensa\/embed\/#?secret=uKPtSY4228\" data-secret=\"uKPtSY4228\" width=\"584\" height=\"329\" frameborder=\"0\" marginwidth=\"0\" marginheight=\"0\" scrolling=\"no\"><\/iframe>\n<\/div><\/figure>\n","protected":false},"excerpt":{"rendered":"<p>N\u00e3o resta nenhuma d\u00favida: a cozinha precisa ser funcional e organizada! Pense bem! Manter esse ambiente sempre em ordem ajuda na cria\u00e7\u00e3o de uma rotina mais eficiente para voc\u00ea e sua fam\u00edlia. Segundo Marcia Saad, personal organizer, separar a cozinha&hellip;<\/p>\n","protected":false},"author":3,"featured_media":7912,"comment_status":"open","ping_status":"closed","sticky":false,"template":"","format":"standard","meta":[],"categories":[2927,1146],"tags":[294,1862],"_links":{"self":[{"href":"https:\/\/www.proma.com.br\/blog\/wp-json\/wp\/v2\/posts\/7911"}],"collection":[{"href":"https:\/\/www.proma.com.br\/blog\/wp-json\/wp\/v2\/posts"}],"about":[{"href":"https:\/\/www.proma.com.br\/blog\/wp-json\/wp\/v2\/types\/post"}],"author":[{"embeddable":true,"href":"https:\/\/www.proma.com.br\/blog\/wp-json\/wp\/v2\/users\/3"}],"replies":[{"embeddable":true,"href":"https:\/\/www.proma.com.br\/blog\/wp-json\/wp\/v2\/comments?post=7911"}],"version-history":[{"count":2,"href":"https:\/\/www.proma.com.br\/blog\/wp-json\/wp\/v2\/posts\/7911\/revisions"}],"predecessor-version":[{"id":7914,"href":"https:\/\/www.proma.com.br\/blog\/wp-json\/wp\/v2\/posts\/7911\/revisions\/7914"}],"wp:featuredmedia":[{"embeddable":true,"href":"https:\/\/www.proma.com.br\/blog\/wp-json\/wp\/v2\/media\/7912"}],"wp:attachment":[{"href":"https:\/\/www.proma.com.br\/blog\/wp-json\/wp\/v2\/media?parent=7911"}],"wp:term":[{"taxonomy":"category","embeddable":true,"href":"https:\/\/www.proma.com.br\/blog\/wp-json\/wp\/v2\/categories?post=7911"},{"taxonomy":"post_tag","embeddable":true,"href":"https:\/\/www.proma.com.br\/blog\/wp-json\/wp\/v2\/tags?post=7911"}],"curies":[{"name":"wp","href":"https:\/\/api.w.org\/{rel}","templated":true}]}}