{"id":792,"date":"2012-08-22T07:30:12","date_gmt":"2012-08-22T10:30:12","guid":{"rendered":"http:\/\/www.proma.com.br\/blog\/equilibrio\/?p=792"},"modified":"2012-08-22T07:30:12","modified_gmt":"2012-08-22T10:30:12","slug":"tomar-vitamina-c-evita-resfriado","status":"publish","type":"post","link":"https:\/\/www.proma.com.br\/blog\/tomar-vitamina-c-evita-resfriado\/","title":{"rendered":"Tomar vitamina C evita resfriado?"},"content":{"rendered":"<p>Todo mundo sabe que o \u00e1cido asc\u00f3rbico, o outro nome da vitamina C, tem como principal fun\u00e7\u00e3o fortalecer o sistema imunol\u00f3gico, aumentando a resist\u00eancia a infec\u00e7\u00f5es, gripes e resfriados; e favorecendo a absor\u00e7\u00e3o do ferro, ajudando a evitar anemia. Mas o que pouca gente desconfia \u00e9 que o nutriente \u00e9 capaz at\u00e9 de beneficiar a sa\u00fade do cora\u00e7\u00e3o e retardar o processo de envelhecimento, bem como o aparecimento de rugas e flacidez.<br \/>\n<a href=\"http:\/\/www.proma.com.br\/blog\/media_equilibrio\/files\/2012\/08\/get6.jpg\"><br \/>\n<img loading=\"lazy\" class=\"aligncenter size-medium wp-image-793\" title=\"get\" src=\"http:\/\/www.proma.com.br\/blog\/media_equilibrio\/files\/2012\/08\/get6-420x315.jpg\" alt=\"\" width=\"420\" height=\"315\" \/><\/a>Por sorte, a quantidade de vitamina C necess\u00e1ria para ter todos esses benef\u00edcios \u00e9 facilmente atingida ao se comer entre tr\u00eas e cinco frutas por dia, j\u00e1 que o organismo tem um limite de absor\u00e7\u00e3o do nutriente. Da\u00ed a explica\u00e7\u00e3o porque n\u00e3o adianta exagerar na dose e tomar de uma s\u00f3 vez suplementos que cont\u00eam 1 ou 2 gramas de vitamina C.<\/p>\n<p>\u201cPor\u00e9m, h\u00e1 situa\u00e7\u00f5es em que, junto com uma alimenta\u00e7\u00e3o rica em hortali\u00e7as, a suplementa\u00e7\u00e3o \u00e9 indicada, como no caso de atletas, praticantes de atividades f\u00edsicas intensas, doentes cr\u00f4nicos, pessoas que t\u00eam gripes e resfriados recorrentes e quem fuma, bebe demais, se alimenta mal ou vive em lugares polu\u00eddos\u201d, lista a nutricionista Robena Molinari, da Cl\u00ednica Patricia Davidson Haiat Nutri\u00e7\u00e3o Funcional, no Rio de Janeiro.<\/p>\n<p><a href=\"http:\/\/noticias.uol.com.br\/saude\/ultimas-noticias\/redacao\/2012\/08\/01\/vitamina-c-suplemento-vitaminico.htm\" target=\"_blank\">Clique aqui<\/a> para descobrir como tirar proveito m\u00e1ximo da vitamina C e auxiliar o seu organismo a funcionar bem, descubra quais s\u00e3o as melhores fontes, a forma ideal de consumi-las e os muitos mitos e verdades que rondam este nutriente.<\/p>\n<p>Fonte: Sh\u00e2mia Salem<br \/>\nDo <a href=\"http:\/\/noticias.uol.com.br\/saude\/ultimas-noticias\/redacao\/2012\/08\/01\/vitamina-c-suplemento-vitaminico.htm\" target=\"_blank\">UOL<\/a>, em S\u00e3o Paulo<\/p>\n<p><a href=\"http:\/\/particularites.files.wordpress.com\/2012\/03\/vitamina-c.jpg\" target=\"_blank\">Cr\u00e9dito da fotografia<\/a>.<\/p>\n","protected":false},"excerpt":{"rendered":"<p>Todo mundo sabe que o \u00e1cido asc\u00f3rbico, o outro nome da vitamina C, tem como principal fun\u00e7\u00e3o fortalecer o sistema imunol\u00f3gico, aumentando a resist\u00eancia a infec\u00e7\u00f5es, gripes e resfriados; e favorecendo a absor\u00e7\u00e3o do ferro, ajudando a evitar anemia. Mas&hellip;<\/p>\n","protected":false},"author":3,"featured_media":793,"comment_status":"open","ping_status":"closed","sticky":false,"template":"","format":"standard","meta":[],"categories":[1147],"tags":[1174,2022,2083,2197],"_links":{"self":[{"href":"https:\/\/www.proma.com.br\/blog\/wp-json\/wp\/v2\/posts\/792"}],"collection":[{"href":"https:\/\/www.proma.com.br\/blog\/wp-json\/wp\/v2\/posts"}],"about":[{"href":"https:\/\/www.proma.com.br\/blog\/wp-json\/wp\/v2\/types\/post"}],"author":[{"embeddable":true,"href":"https:\/\/www.proma.com.br\/blog\/wp-json\/wp\/v2\/users\/3"}],"replies":[{"embeddable":true,"href":"https:\/\/www.proma.com.br\/blog\/wp-json\/wp\/v2\/comments?post=792"}],"version-history":[{"count":0,"href":"https:\/\/www.proma.com.br\/blog\/wp-json\/wp\/v2\/posts\/792\/revisions"}],"wp:featuredmedia":[{"embeddable":true,"href":"https:\/\/www.proma.com.br\/blog\/wp-json\/wp\/v2\/media\/793"}],"wp:attachment":[{"href":"https:\/\/www.proma.com.br\/blog\/wp-json\/wp\/v2\/media?parent=792"}],"wp:term":[{"taxonomy":"category","embeddable":true,"href":"https:\/\/www.proma.com.br\/blog\/wp-json\/wp\/v2\/categories?post=792"},{"taxonomy":"post_tag","embeddable":true,"href":"https:\/\/www.proma.com.br\/blog\/wp-json\/wp\/v2\/tags?post=792"}],"curies":[{"name":"wp","href":"https:\/\/api.w.org\/{rel}","templated":true}]}}