{"id":8003,"date":"2022-03-10T08:45:00","date_gmt":"2022-03-10T11:45:00","guid":{"rendered":"http:\/\/www.proma.com.br\/blog\/?p=8003"},"modified":"2022-02-02T08:47:38","modified_gmt":"2022-02-02T11:47:38","slug":"womb-chair-na-decoracao-4-ambientes-com-a-classica-poltrona","status":"publish","type":"post","link":"https:\/\/www.proma.com.br\/blog\/womb-chair-na-decoracao-4-ambientes-com-a-classica-poltrona\/","title":{"rendered":"WOMB CHAIR NA DECORA\u00c7\u00c3O: 4 AMBIENTES COM A CL\u00c1SSICA POLTRONA"},"content":{"rendered":"\n<p>Criada pelo designer Eero Saarinen (1910-1961), a cl\u00e1ssica womb chair garante um toque de eleg\u00e2ncia certeiro ao d\u00e9cor. Voc\u00ea j\u00e1 tinha ouvido falar?<\/p>\n\n\n\n<p>A poltrona foi desenvolvida ap\u00f3s a provoca\u00e7\u00e3o feita pela tamb\u00e9m designer Florence Knoll (1917-2019) a Saarinen.<\/p>\n\n\n\n<p>Knoll pediu por um m\u00f3vel que oferecesse sensa\u00e7\u00e3o de aconchego similar a que os beb\u00eas sentem no ventre materno. N\u00e3o \u00e0 toa, womb chair, em tradu\u00e7\u00e3o livre, significa cadeira do ventre.<\/p>\n\n\n\n<p>Confira abaixo quatro ambientes que apostam neste \u00edcone do design.<\/p>\n\n\n\n<figure class=\"wp-block-image size-large\"><img loading=\"lazy\" width=\"620\" height=\"413\" src=\"http:\/\/www.proma.com.br\/blog\/wp-content\/uploads\/2022\/02\/03.jpg\" alt=\"\" class=\"wp-image-8004\" srcset=\"https:\/\/www.proma.com.br\/blog\/wp-content\/uploads\/2022\/02\/03.jpg 620w, https:\/\/www.proma.com.br\/blog\/wp-content\/uploads\/2022\/02\/03-450x300.jpg 450w\" sizes=\"(max-width: 620px) 100vw, 620px\" \/><figcaption> (Foto: Fabio J\u00fanior Severo )<\/figcaption><\/figure>\n\n\n\n<p><strong>1. <\/strong>Este projeto foi idealizado pelo Studio Gabriel Bordin para um casal jovem que buscava por um espa\u00e7o fluido e sem excessos para descansar, receber amigos e trabalhar. Para tanto, Bordin integrou ambientes e manteve a circula\u00e7\u00e3o livre com uso pontual de m\u00f3veis. Na sala, os holofotes caem sobre a womb chair verde. Um convite ao aconchego!<\/p>\n\n\n\n<figure class=\"wp-block-image size-large\"><img loading=\"lazy\" width=\"600\" height=\"900\" src=\"http:\/\/www.proma.com.br\/blog\/wp-content\/uploads\/2022\/02\/04.jpg\" alt=\"\" class=\"wp-image-8005\" srcset=\"https:\/\/www.proma.com.br\/blog\/wp-content\/uploads\/2022\/02\/04.jpg 600w, https:\/\/www.proma.com.br\/blog\/wp-content\/uploads\/2022\/02\/04-200x300.jpg 200w\" sizes=\"(max-width: 600px) 100vw, 600px\" \/><figcaption>(Foto: Evelyn Muller)<\/figcaption><\/figure>\n\n\n\n<p><strong>2.<\/strong> N\u00e3o h\u00e1 d\u00favidas que o grande destaque dessa imagem \u00e9 a pose perfeita do cachorrinho. Mas logo que os olhos escapam dele por alguns segundo, a poltrona de Saarinem brilha num tom rosado pastel. No projeto assinado pela arquiteta Renata Spinelli, a paleta de cores \u00e9 bem pontuada e destaca-se na base de cimento queimado e placas de concreto.<\/p>\n\n\n\n<figure class=\"wp-block-image size-large\"><img loading=\"lazy\" width=\"600\" height=\"900\" src=\"http:\/\/www.proma.com.br\/blog\/wp-content\/uploads\/2022\/02\/05.jpg\" alt=\"\" class=\"wp-image-8006\" srcset=\"https:\/\/www.proma.com.br\/blog\/wp-content\/uploads\/2022\/02\/05.jpg 600w, https:\/\/www.proma.com.br\/blog\/wp-content\/uploads\/2022\/02\/05-200x300.jpg 200w\" sizes=\"(max-width: 600px) 100vw, 600px\" \/><figcaption>(Foto: Ryan Lowry)<\/figcaption><\/figure>\n\n\n\n<p><strong>3. <\/strong>Este ambiente faz parte da casa onde a pintora Georgia O\u2019Keeffe (1887-1986) fez morada no cora\u00e7\u00e3o do Novo M\u00e9xico. Ali, sozinha, a artista pintou e viveu por quase quatro d\u00e9cadas. No cantinho do living, O\u2019Keeffe posicionou a poltrona e banqueta Womb que trouxe de seu apartamento nova-iorquino. Um espa\u00e7o para apreciar a vista!<\/p>\n\n\n\n<figure class=\"wp-block-image size-large\"><img loading=\"lazy\" width=\"600\" height=\"900\" src=\"http:\/\/www.proma.com.br\/blog\/wp-content\/uploads\/2022\/02\/06.jpg\" alt=\"\" class=\"wp-image-8007\" srcset=\"https:\/\/www.proma.com.br\/blog\/wp-content\/uploads\/2022\/02\/06.jpg 600w, https:\/\/www.proma.com.br\/blog\/wp-content\/uploads\/2022\/02\/06-200x300.jpg 200w\" sizes=\"(max-width: 600px) 100vw, 600px\" \/><figcaption>(Foto: Divulga\u00e7\u00e3o)<\/figcaption><\/figure>\n\n\n\n<p><strong>4. <\/strong>Para conceber o projeto de interiores deste apartamento de cinco su\u00edtes na 85th Street, em Nova York, o designer Neal Beckstedt recebeu carta branca da companhia que det\u00e9m a propriedade do im\u00f3vel. A partir da\u00ed, aplicou uma paleta de cores suaves e apoiou o mobili\u00e1rio em \u00edcones do design moderno e, como n\u00e3o poderia deixar de ser, uma das pe\u00e7as selecionadas foi a womb chair.<\/p>\n\n\n\n<p>Qual dos projetos vai mais ao encontro do seu gosto pessoal: 1, 2, 3 ou 4?<\/p>\n\n\n\n<p><strong>Fonte: <\/strong>Casa Vogue<\/p>\n\n\n\n<p><strong>________<\/strong><\/p>\n\n\n\n<p><strong>LEIA TAMB\u00c9M:<\/strong><\/p>\n\n\n\n<p><\/p>\n\n\n\n<figure class=\"wp-block-embed is-type-wp-embed is-provider-proma wp-block-embed-proma\"><div class=\"wp-block-embed__wrapper\">\n<blockquote class=\"wp-embedded-content\" data-secret=\"lZPjscoFjq\"><a href=\"http:\/\/www.proma.com.br\/blog\/google-e-cientistas-pesquisa-mostra-que-o-design-afeta-a-saude\/\">GOOGLE E CIENTISTAS: PESQUISA MOSTRA QUE O DESIGN AFETA A SA\u00daDE<\/a><\/blockquote><iframe class=\"wp-embedded-content\" sandbox=\"allow-scripts\" security=\"restricted\" style=\"position: absolute; clip: rect(1px, 1px, 1px, 1px);\" title=\"&#8220;GOOGLE E CIENTISTAS: PESQUISA MOSTRA QUE O DESIGN AFETA A SA\u00daDE&#8221; &#8212; Proma\" src=\"http:\/\/www.proma.com.br\/blog\/google-e-cientistas-pesquisa-mostra-que-o-design-afeta-a-saude\/embed\/#?secret=lZPjscoFjq\" data-secret=\"lZPjscoFjq\" width=\"584\" height=\"329\" frameborder=\"0\" marginwidth=\"0\" marginheight=\"0\" scrolling=\"no\"><\/iframe>\n<\/div><\/figure>\n\n\n\n<p><\/p>\n\n\n\n<figure class=\"wp-block-embed is-type-wp-embed is-provider-proma wp-block-embed-proma\"><div class=\"wp-block-embed__wrapper\">\n<blockquote class=\"wp-embedded-content\" data-secret=\"fZ5Z7YzuD2\"><a href=\"http:\/\/www.proma.com.br\/blog\/afeto-na-terceira-idade-por-meio-do-design\/\">AFETO NA TERCEIRA IDADE POR MEIO DO DESIGN<\/a><\/blockquote><iframe class=\"wp-embedded-content\" sandbox=\"allow-scripts\" security=\"restricted\" style=\"position: absolute; clip: rect(1px, 1px, 1px, 1px);\" title=\"&#8220;AFETO NA TERCEIRA IDADE POR MEIO DO DESIGN&#8221; &#8212; Proma\" src=\"http:\/\/www.proma.com.br\/blog\/afeto-na-terceira-idade-por-meio-do-design\/embed\/#?secret=fZ5Z7YzuD2\" data-secret=\"fZ5Z7YzuD2\" width=\"584\" height=\"329\" frameborder=\"0\" marginwidth=\"0\" marginheight=\"0\" scrolling=\"no\"><\/iframe>\n<\/div><\/figure>\n","protected":false},"excerpt":{"rendered":"<p>Criada pelo designer Eero Saarinen (1910-1961), a cl\u00e1ssica womb chair garante um toque de eleg\u00e2ncia certeiro ao d\u00e9cor. Voc\u00ea j\u00e1 tinha ouvido falar? A poltrona foi desenvolvida ap\u00f3s a provoca\u00e7\u00e3o feita pela tamb\u00e9m designer Florence Knoll (1917-2019) a Saarinen. Knoll&hellip;<\/p>\n","protected":false},"author":3,"featured_media":8007,"comment_status":"open","ping_status":"closed","sticky":false,"template":"","format":"standard","meta":[],"categories":[1,2,5,6],"tags":[3298,3297,3296],"_links":{"self":[{"href":"https:\/\/www.proma.com.br\/blog\/wp-json\/wp\/v2\/posts\/8003"}],"collection":[{"href":"https:\/\/www.proma.com.br\/blog\/wp-json\/wp\/v2\/posts"}],"about":[{"href":"https:\/\/www.proma.com.br\/blog\/wp-json\/wp\/v2\/types\/post"}],"author":[{"embeddable":true,"href":"https:\/\/www.proma.com.br\/blog\/wp-json\/wp\/v2\/users\/3"}],"replies":[{"embeddable":true,"href":"https:\/\/www.proma.com.br\/blog\/wp-json\/wp\/v2\/comments?post=8003"}],"version-history":[{"count":2,"href":"https:\/\/www.proma.com.br\/blog\/wp-json\/wp\/v2\/posts\/8003\/revisions"}],"predecessor-version":[{"id":8009,"href":"https:\/\/www.proma.com.br\/blog\/wp-json\/wp\/v2\/posts\/8003\/revisions\/8009"}],"wp:featuredmedia":[{"embeddable":true,"href":"https:\/\/www.proma.com.br\/blog\/wp-json\/wp\/v2\/media\/8007"}],"wp:attachment":[{"href":"https:\/\/www.proma.com.br\/blog\/wp-json\/wp\/v2\/media?parent=8003"}],"wp:term":[{"taxonomy":"category","embeddable":true,"href":"https:\/\/www.proma.com.br\/blog\/wp-json\/wp\/v2\/categories?post=8003"},{"taxonomy":"post_tag","embeddable":true,"href":"https:\/\/www.proma.com.br\/blog\/wp-json\/wp\/v2\/tags?post=8003"}],"curies":[{"name":"wp","href":"https:\/\/api.w.org\/{rel}","templated":true}]}}