{"id":8017,"date":"2022-03-31T11:57:00","date_gmt":"2022-03-31T14:57:00","guid":{"rendered":"http:\/\/www.proma.com.br\/blog\/?p=8017"},"modified":"2022-04-18T11:58:51","modified_gmt":"2022-04-18T14:58:51","slug":"residencial-dracena-entre-o-seu-lar-doce-lar-esta-ainda-mais-lindo-do-que-nos-seus-sonhos","status":"publish","type":"post","link":"https:\/\/www.proma.com.br\/blog\/residencial-dracena-entre-o-seu-lar-doce-lar-esta-ainda-mais-lindo-do-que-nos-seus-sonhos\/","title":{"rendered":"RESIDENCIAL DRACENA: ENTRE! O SEU LAR, DOCE LAR EST\u00c1 AINDA MAIS LINDO DO QUE NOS SEUS SONHOS"},"content":{"rendered":"\n<p>Em cada espa\u00e7o, aconchego. Em cada detalhe, cuidado. Em cada oportunidade de lazer, divers\u00e3o. Em cada apartamento, muito de n\u00f3s \u2013 do nosso cuidado, da nossa expertise e da nossa paix\u00e3o em realizar sonhos e projetos de vida.<\/p>\n\n\n\n<p><em>O seu sonho. O seu projeto de vida.<\/em><\/p>\n\n\n\n<p>O Dracena supera as expectativas \u2013 de quem, por fora, aprecia a exuber\u00e2ncia da arquitetura neocl\u00e1ssica, e de cada morador, que encontrou na Proma seguran\u00e7a, exclusividade e carinho. \u201cQuando eu vejo a satisfa\u00e7\u00e3o no olhar de cada morador sinto que estou cumprindo a minha miss\u00e3o\u201d, afirma Paulo Obenaus, diretor da construtora.<\/p>\n\n\n\n<figure class=\"wp-block-image size-large\"><img loading=\"lazy\" width=\"1024\" height=\"575\" src=\"http:\/\/www.proma.com.br\/blog\/wp-content\/uploads\/2022\/04\/DJI_0098-1024x575.jpg\" alt=\"\" class=\"wp-image-8020\" srcset=\"https:\/\/www.proma.com.br\/blog\/wp-content\/uploads\/2022\/04\/DJI_0098-1024x575.jpg 1024w, https:\/\/www.proma.com.br\/blog\/wp-content\/uploads\/2022\/04\/DJI_0098-960x539.jpg 960w, https:\/\/www.proma.com.br\/blog\/wp-content\/uploads\/2022\/04\/DJI_0098-768x431.jpg 768w, https:\/\/www.proma.com.br\/blog\/wp-content\/uploads\/2022\/04\/DJI_0098-1536x863.jpg 1536w, https:\/\/www.proma.com.br\/blog\/wp-content\/uploads\/2022\/04\/DJI_0098-2048x1150.jpg 2048w, https:\/\/www.proma.com.br\/blog\/wp-content\/uploads\/2022\/04\/DJI_0098-500x281.jpg 500w\" sizes=\"(max-width: 1024px) 100vw, 1024px\" \/><\/figure>\n\n\n\n<p>A Proma realizou na noite de 29 de mar\u00e7o, a solenidade de entrega das chaves do Residencial Dracena. O empreendimento est\u00e1 localizado na rua Jos\u00e9 Emmendoerfer, 260, no bairro Nova Bras\u00edlia \u2013 uma regi\u00e3o privilegiada por estar a poucos minutos do centro e por oferecer uma vista incr\u00edvel de Jaragu\u00e1 do Sul no topo do morro.<\/p>\n\n\n\n<figure class=\"wp-block-image size-large\"><img loading=\"lazy\" width=\"1024\" height=\"683\" src=\"http:\/\/www.proma.com.br\/blog\/wp-content\/uploads\/2022\/04\/45-1024x683.jpg\" alt=\"\" class=\"wp-image-8021\" srcset=\"https:\/\/www.proma.com.br\/blog\/wp-content\/uploads\/2022\/04\/45-1024x683.jpg 1024w, https:\/\/www.proma.com.br\/blog\/wp-content\/uploads\/2022\/04\/45-960x640.jpg 960w, https:\/\/www.proma.com.br\/blog\/wp-content\/uploads\/2022\/04\/45-768x512.jpg 768w, https:\/\/www.proma.com.br\/blog\/wp-content\/uploads\/2022\/04\/45-1536x1024.jpg 1536w, https:\/\/www.proma.com.br\/blog\/wp-content\/uploads\/2022\/04\/45-2048x1366.jpg 2048w, https:\/\/www.proma.com.br\/blog\/wp-content\/uploads\/2022\/04\/45-450x300.jpg 450w\" sizes=\"(max-width: 1024px) 100vw, 1024px\" \/><\/figure>\n\n\n\n<p>O evento de confraterniza\u00e7\u00e3o contou com a presen\u00e7a de clientes, colaboradores, parceiros e amigos, al\u00e9m de representantes da Caixa Econ\u00f4mica Federal.<\/p>\n\n\n\n<p>Johanna Steiner dos Santos, Superintendente Executiva de Varejo da Caixa Econ\u00f4mica Federal, ag\u00eancia de Jaragu\u00e1 do Sul, declara que \u00e9 motivo de muito orgulho para a Caixa entregar mais um empreendimento Proma de alto padr\u00e3o. \u201cA Proma \u00e9 uma construtora de credibilidade e tradi\u00e7\u00e3o, sendo refer\u00eancia em execu\u00e7\u00e3o e entrega para o cliente. Acompanhamos todas as etapas do Residencial Dracena \u2013 da concep\u00e7\u00e3o do projeto \u00e0 entrega das chaves \u2013 e ficamos muito felizes por sermos facilitadores na realiza\u00e7\u00e3o desse sonho. Desejamos que cada morador seja muito feliz no seu novo lar\u201d, comenta.<\/p>\n\n\n\n<figure class=\"wp-block-image size-large\"><img loading=\"lazy\" width=\"1633\" height=\"1225\" src=\"http:\/\/www.proma.com.br\/blog\/wp-content\/uploads\/2022\/04\/188-edited.jpg\" alt=\"\" class=\"wp-image-8034\" srcset=\"https:\/\/www.proma.com.br\/blog\/wp-content\/uploads\/2022\/04\/188-edited.jpg 1633w, https:\/\/www.proma.com.br\/blog\/wp-content\/uploads\/2022\/04\/188-edited-960x720.jpg 960w, https:\/\/www.proma.com.br\/blog\/wp-content\/uploads\/2022\/04\/188-edited-1024x768.jpg 1024w, https:\/\/www.proma.com.br\/blog\/wp-content\/uploads\/2022\/04\/188-edited-768x576.jpg 768w, https:\/\/www.proma.com.br\/blog\/wp-content\/uploads\/2022\/04\/188-edited-1536x1152.jpg 1536w, https:\/\/www.proma.com.br\/blog\/wp-content\/uploads\/2022\/04\/188-edited-400x300.jpg 400w\" sizes=\"(max-width: 1633px) 100vw, 1633px\" \/><figcaption>Johanna Steiner dos Santos<\/figcaption><\/figure>\n\n\n\n<p><strong>SEMPRE AL\u00c9M DO ESPERADO<\/strong><\/p>\n\n\n\n<p>Piscina com borda infinita, portas laqueadas, tubula\u00e7\u00e3o hidr\u00e1ulica antirru\u00eddo, elevador com \u201csistema autosafe\u201d (evita que o morador fique preso no caso de falta de energia) e ainda mais seguran\u00e7a com controle de acesso nas portas e port\u00f5es \u2013 mais uma vez, a Proma surpreende os moradores entregando al\u00e9m do esperado.<\/p>\n\n\n\n<p>Obenaus destaca que essas s\u00e3o apenas algumas das melhorias realizadas no decorrer da obra. \u201cO Dracena \u00e9, sem d\u00favida, um empreendimento com uma valoriza\u00e7\u00e3o expressiva e n\u00f3s potencializamos o retorno financeiro de cada cliente ao incluir detalhes que fazem a diferen\u00e7a\u201d, garante.<\/p>\n\n\n\n<p>Carol Obenaus, arquiteta respons\u00e1vel pelos projetos arquitet\u00f4nicos da Proma, aproveitou o evento para agradecer aos engenheiros \u00c2ngela Maria Malfatti e Jo\u00e3o Guilherme Izidoro, respons\u00e1veis pela obra. \u201cA Proma contou com uma equipe de engenheiros altamente capacitada para dar vida ao projeto do Dracena durante os \u00faltimos quatro anos \u2013 do levantamento topogr\u00e1fico \u00e0 entrega das chaves. O nosso diferencial \u00e9 ter uma equipe extremamente t\u00e9cnica e coesa. Temos orgulho em dizer que somos minuciosos nos detalhes\u201d, explica.<\/p>\n\n\n\n<figure class=\"wp-block-image size-large\"><img loading=\"lazy\" width=\"1590\" height=\"1060\" src=\"http:\/\/www.proma.com.br\/blog\/wp-content\/uploads\/2022\/04\/55-2-edited.jpg\" alt=\"\" class=\"wp-image-8035\" srcset=\"https:\/\/www.proma.com.br\/blog\/wp-content\/uploads\/2022\/04\/55-2-edited.jpg 1590w, https:\/\/www.proma.com.br\/blog\/wp-content\/uploads\/2022\/04\/55-2-edited-960x640.jpg 960w, https:\/\/www.proma.com.br\/blog\/wp-content\/uploads\/2022\/04\/55-2-edited-1024x683.jpg 1024w, https:\/\/www.proma.com.br\/blog\/wp-content\/uploads\/2022\/04\/55-2-edited-768x512.jpg 768w, https:\/\/www.proma.com.br\/blog\/wp-content\/uploads\/2022\/04\/55-2-edited-1536x1024.jpg 1536w, https:\/\/www.proma.com.br\/blog\/wp-content\/uploads\/2022\/04\/55-2-edited-450x300.jpg 450w\" sizes=\"(max-width: 1590px) 100vw, 1590px\" \/><\/figure>\n\n\n\n<p>Para o engenheiro Jo\u00e3o Guilherme, n\u00e3o tem sentimento mais gratificante do que fazer um projeto sair do papel. \u201c\u00c9 muito bom fazer acontecer, ainda mais quando o empreendimento \u00e9 de alto padr\u00e3o. Estou extremamente feliz com os <em>feedbacks <\/em>que recebi dos moradores e por fazer parte da equipe Proma\u201d, assegura.<\/p>\n\n\n\n<p><strong>LOCALIZA\u00c7\u00c3O PRIVILEGIADA PARA UM EMPREENDIMENTO DE ALTO PADR\u00c3O<\/strong><\/p>\n\n\n\n<p>Das primeiras linhas aos \u00faltimos detalhes: para criar \u00e9 necess\u00e1rio se envolver, pesquisar e participar \u2013 de todas as etapas, de todos os processos. O dia a dia da arquiteta da Proma, Carol Obenaus, \u00e9 dedicado a projetar sonhos. E a realiz\u00e1-los! \u201cSempre que eu inicio um projeto arquitet\u00f4nico e come\u00e7o a desenvolver os <em>layouts <\/em>dos espa\u00e7os internos dos apartamentos e das \u00e1reas comuns, eu me imagino nesses espa\u00e7os. \u00c9 dessa forma que eu consigo priorizar o conforto, o bem-estar e a funcionalidade\u201d, afirma.<\/p>\n\n\n\n<p>Carol explica que o terreno do Dracena tem quase 2 mil m<sup>2<\/sup> e est\u00e1 localizado, como os colaboradores costumam dizer, dentro da \u201cregi\u00e3o Proma\u201d \u2013 no bairro Nova Bras\u00edlia e nas proximidades est\u00e3o a maioria dos empreendimentos de alto padr\u00e3o da construtora, al\u00e9m da sede da Proma. \u201cO terreno \u00e9 grande e proporcionou dois acessos, facilitando o fluxo de ve\u00edculos. Com certeza, estou muito feliz e realizada\u201d, garante.<\/p>\n\n\n\n<p>Com um projeto inspirado em uma releitura da arquitetura neocl\u00e1ssica, em que os destaques principais ficam para as sacadas com gradil rebuscado, janelas emolduradas e para o acesso frontal com detalhes em tijolos \u00e0 vista, o Residencial Dracena encanta. \u201cN\u00f3s tamb\u00e9m projetamos e aprovamos o guarda-corpo dentro do escrit\u00f3rio da Proma. Al\u00e9m da est\u00e9tica, n\u00f3s priorizamos a seguran\u00e7a. Tamb\u00e9m \u00e9 motivo de orgulho para n\u00f3s a porta de entrada, que foi totalmente desenvolvida aqui\u201d, esclarece.<\/p>\n\n\n\n<p>\u00c0 disposi\u00e7\u00e3o de cada morador, sal\u00e3o de festas, brinquedoteca, <em>playground,<\/em> piscina e academia. Os apartamentos t\u00eam sacada com churrasqueira e uma vista linda da cidade. \u201cEu sempre quis projetar um empreendimento diferente do que estamos acostumados. O estilo neocl\u00e1ssico \u00e9 um charme e todos os detalhes foram pensados para surpreender os nossos clientes\u201d, assegura a arquiteta.<\/p>\n\n\n\n<figure class=\"wp-block-gallery columns-3 is-cropped\"><ul class=\"blocks-gallery-grid\"><li class=\"blocks-gallery-item\"><figure><img loading=\"lazy\" width=\"1024\" height=\"575\" src=\"http:\/\/www.proma.com.br\/blog\/wp-content\/uploads\/2022\/04\/5-1024x575.jpg\" alt=\"\" data-id=\"8024\" data-full-url=\"http:\/\/www.proma.com.br\/blog\/wp-content\/uploads\/2022\/04\/5-scaled.jpg\" data-link=\"http:\/\/www.proma.com.br\/blog\/?attachment_id=8024\" class=\"wp-image-8024\" srcset=\"https:\/\/www.proma.com.br\/blog\/wp-content\/uploads\/2022\/04\/5-1024x575.jpg 1024w, https:\/\/www.proma.com.br\/blog\/wp-content\/uploads\/2022\/04\/5-960x539.jpg 960w, https:\/\/www.proma.com.br\/blog\/wp-content\/uploads\/2022\/04\/5-768x431.jpg 768w, https:\/\/www.proma.com.br\/blog\/wp-content\/uploads\/2022\/04\/5-1536x863.jpg 1536w, https:\/\/www.proma.com.br\/blog\/wp-content\/uploads\/2022\/04\/5-2048x1150.jpg 2048w, https:\/\/www.proma.com.br\/blog\/wp-content\/uploads\/2022\/04\/5-500x281.jpg 500w\" sizes=\"(max-width: 1024px) 100vw, 1024px\" \/><\/figure><\/li><li class=\"blocks-gallery-item\"><figure><img loading=\"lazy\" width=\"1024\" height=\"575\" src=\"http:\/\/www.proma.com.br\/blog\/wp-content\/uploads\/2022\/04\/DJI_0007-1024x575.jpg\" alt=\"\" data-id=\"8025\" data-full-url=\"http:\/\/www.proma.com.br\/blog\/wp-content\/uploads\/2022\/04\/DJI_0007-scaled.jpg\" data-link=\"http:\/\/www.proma.com.br\/blog\/?attachment_id=8025\" class=\"wp-image-8025\" srcset=\"https:\/\/www.proma.com.br\/blog\/wp-content\/uploads\/2022\/04\/DJI_0007-1024x575.jpg 1024w, https:\/\/www.proma.com.br\/blog\/wp-content\/uploads\/2022\/04\/DJI_0007-960x539.jpg 960w, https:\/\/www.proma.com.br\/blog\/wp-content\/uploads\/2022\/04\/DJI_0007-768x431.jpg 768w, https:\/\/www.proma.com.br\/blog\/wp-content\/uploads\/2022\/04\/DJI_0007-1536x863.jpg 1536w, https:\/\/www.proma.com.br\/blog\/wp-content\/uploads\/2022\/04\/DJI_0007-2048x1150.jpg 2048w, https:\/\/www.proma.com.br\/blog\/wp-content\/uploads\/2022\/04\/DJI_0007-500x281.jpg 500w\" sizes=\"(max-width: 1024px) 100vw, 1024px\" \/><\/figure><\/li><li class=\"blocks-gallery-item\"><figure><img loading=\"lazy\" width=\"1024\" height=\"575\" src=\"http:\/\/www.proma.com.br\/blog\/wp-content\/uploads\/2022\/04\/DJI_0028-1024x575.jpg\" alt=\"\" data-id=\"8026\" data-full-url=\"http:\/\/www.proma.com.br\/blog\/wp-content\/uploads\/2022\/04\/DJI_0028-scaled.jpg\" data-link=\"http:\/\/www.proma.com.br\/blog\/?attachment_id=8026\" class=\"wp-image-8026\" srcset=\"https:\/\/www.proma.com.br\/blog\/wp-content\/uploads\/2022\/04\/DJI_0028-1024x575.jpg 1024w, https:\/\/www.proma.com.br\/blog\/wp-content\/uploads\/2022\/04\/DJI_0028-960x539.jpg 960w, https:\/\/www.proma.com.br\/blog\/wp-content\/uploads\/2022\/04\/DJI_0028-768x431.jpg 768w, https:\/\/www.proma.com.br\/blog\/wp-content\/uploads\/2022\/04\/DJI_0028-1536x863.jpg 1536w, https:\/\/www.proma.com.br\/blog\/wp-content\/uploads\/2022\/04\/DJI_0028-2048x1150.jpg 2048w, https:\/\/www.proma.com.br\/blog\/wp-content\/uploads\/2022\/04\/DJI_0028-500x281.jpg 500w\" sizes=\"(max-width: 1024px) 100vw, 1024px\" \/><\/figure><\/li><li class=\"blocks-gallery-item\"><figure><img loading=\"lazy\" width=\"1024\" height=\"575\" src=\"http:\/\/www.proma.com.br\/blog\/wp-content\/uploads\/2022\/04\/DJI_0038-1024x575.jpg\" alt=\"\" data-id=\"8027\" data-full-url=\"http:\/\/www.proma.com.br\/blog\/wp-content\/uploads\/2022\/04\/DJI_0038-scaled.jpg\" data-link=\"http:\/\/www.proma.com.br\/blog\/?attachment_id=8027\" class=\"wp-image-8027\" srcset=\"https:\/\/www.proma.com.br\/blog\/wp-content\/uploads\/2022\/04\/DJI_0038-1024x575.jpg 1024w, https:\/\/www.proma.com.br\/blog\/wp-content\/uploads\/2022\/04\/DJI_0038-960x539.jpg 960w, https:\/\/www.proma.com.br\/blog\/wp-content\/uploads\/2022\/04\/DJI_0038-768x431.jpg 768w, https:\/\/www.proma.com.br\/blog\/wp-content\/uploads\/2022\/04\/DJI_0038-1536x863.jpg 1536w, https:\/\/www.proma.com.br\/blog\/wp-content\/uploads\/2022\/04\/DJI_0038-2048x1150.jpg 2048w, https:\/\/www.proma.com.br\/blog\/wp-content\/uploads\/2022\/04\/DJI_0038-500x281.jpg 500w\" sizes=\"(max-width: 1024px) 100vw, 1024px\" \/><\/figure><\/li><li class=\"blocks-gallery-item\"><figure><img loading=\"lazy\" width=\"1024\" height=\"575\" src=\"http:\/\/www.proma.com.br\/blog\/wp-content\/uploads\/2022\/04\/DJI_0051-1024x575.jpg\" alt=\"\" data-id=\"8028\" data-full-url=\"http:\/\/www.proma.com.br\/blog\/wp-content\/uploads\/2022\/04\/DJI_0051-scaled.jpg\" data-link=\"http:\/\/www.proma.com.br\/blog\/?attachment_id=8028\" class=\"wp-image-8028\" srcset=\"https:\/\/www.proma.com.br\/blog\/wp-content\/uploads\/2022\/04\/DJI_0051-1024x575.jpg 1024w, https:\/\/www.proma.com.br\/blog\/wp-content\/uploads\/2022\/04\/DJI_0051-960x539.jpg 960w, https:\/\/www.proma.com.br\/blog\/wp-content\/uploads\/2022\/04\/DJI_0051-768x431.jpg 768w, https:\/\/www.proma.com.br\/blog\/wp-content\/uploads\/2022\/04\/DJI_0051-1536x863.jpg 1536w, https:\/\/www.proma.com.br\/blog\/wp-content\/uploads\/2022\/04\/DJI_0051-2048x1150.jpg 2048w, https:\/\/www.proma.com.br\/blog\/wp-content\/uploads\/2022\/04\/DJI_0051-500x281.jpg 500w\" sizes=\"(max-width: 1024px) 100vw, 1024px\" \/><\/figure><\/li><li class=\"blocks-gallery-item\"><figure><img loading=\"lazy\" width=\"1024\" height=\"575\" src=\"http:\/\/www.proma.com.br\/blog\/wp-content\/uploads\/2022\/04\/DJI_0055-1024x575.jpg\" alt=\"\" data-id=\"8029\" data-full-url=\"http:\/\/www.proma.com.br\/blog\/wp-content\/uploads\/2022\/04\/DJI_0055-scaled.jpg\" data-link=\"http:\/\/www.proma.com.br\/blog\/?attachment_id=8029\" class=\"wp-image-8029\" srcset=\"https:\/\/www.proma.com.br\/blog\/wp-content\/uploads\/2022\/04\/DJI_0055-1024x575.jpg 1024w, https:\/\/www.proma.com.br\/blog\/wp-content\/uploads\/2022\/04\/DJI_0055-960x539.jpg 960w, https:\/\/www.proma.com.br\/blog\/wp-content\/uploads\/2022\/04\/DJI_0055-768x431.jpg 768w, https:\/\/www.proma.com.br\/blog\/wp-content\/uploads\/2022\/04\/DJI_0055-1536x863.jpg 1536w, https:\/\/www.proma.com.br\/blog\/wp-content\/uploads\/2022\/04\/DJI_0055-2048x1150.jpg 2048w, https:\/\/www.proma.com.br\/blog\/wp-content\/uploads\/2022\/04\/DJI_0055-500x281.jpg 500w\" sizes=\"(max-width: 1024px) 100vw, 1024px\" \/><\/figure><\/li><li class=\"blocks-gallery-item\"><figure><img loading=\"lazy\" width=\"1024\" height=\"575\" src=\"http:\/\/www.proma.com.br\/blog\/wp-content\/uploads\/2022\/04\/DJI_0098-1-1024x575.jpg\" alt=\"\" data-id=\"8030\" data-full-url=\"http:\/\/www.proma.com.br\/blog\/wp-content\/uploads\/2022\/04\/DJI_0098-1-scaled.jpg\" data-link=\"http:\/\/www.proma.com.br\/blog\/?attachment_id=8030\" class=\"wp-image-8030\" srcset=\"https:\/\/www.proma.com.br\/blog\/wp-content\/uploads\/2022\/04\/DJI_0098-1-1024x575.jpg 1024w, https:\/\/www.proma.com.br\/blog\/wp-content\/uploads\/2022\/04\/DJI_0098-1-960x539.jpg 960w, https:\/\/www.proma.com.br\/blog\/wp-content\/uploads\/2022\/04\/DJI_0098-1-768x431.jpg 768w, https:\/\/www.proma.com.br\/blog\/wp-content\/uploads\/2022\/04\/DJI_0098-1-1536x863.jpg 1536w, https:\/\/www.proma.com.br\/blog\/wp-content\/uploads\/2022\/04\/DJI_0098-1-2048x1150.jpg 2048w, https:\/\/www.proma.com.br\/blog\/wp-content\/uploads\/2022\/04\/DJI_0098-1-500x281.jpg 500w\" sizes=\"(max-width: 1024px) 100vw, 1024px\" \/><\/figure><\/li><li class=\"blocks-gallery-item\"><figure><img loading=\"lazy\" width=\"1024\" height=\"575\" src=\"http:\/\/www.proma.com.br\/blog\/wp-content\/uploads\/2022\/04\/DJI_0129-1024x575.jpg\" alt=\"\" data-id=\"8031\" data-full-url=\"http:\/\/www.proma.com.br\/blog\/wp-content\/uploads\/2022\/04\/DJI_0129-scaled.jpg\" data-link=\"http:\/\/www.proma.com.br\/blog\/?attachment_id=8031\" class=\"wp-image-8031\" srcset=\"https:\/\/www.proma.com.br\/blog\/wp-content\/uploads\/2022\/04\/DJI_0129-1024x575.jpg 1024w, https:\/\/www.proma.com.br\/blog\/wp-content\/uploads\/2022\/04\/DJI_0129-960x539.jpg 960w, https:\/\/www.proma.com.br\/blog\/wp-content\/uploads\/2022\/04\/DJI_0129-768x431.jpg 768w, https:\/\/www.proma.com.br\/blog\/wp-content\/uploads\/2022\/04\/DJI_0129-1536x863.jpg 1536w, https:\/\/www.proma.com.br\/blog\/wp-content\/uploads\/2022\/04\/DJI_0129-2048x1150.jpg 2048w, https:\/\/www.proma.com.br\/blog\/wp-content\/uploads\/2022\/04\/DJI_0129-500x281.jpg 500w\" sizes=\"(max-width: 1024px) 100vw, 1024px\" \/><\/figure><\/li><li class=\"blocks-gallery-item\"><figure><img loading=\"lazy\" width=\"1024\" height=\"575\" src=\"http:\/\/www.proma.com.br\/blog\/wp-content\/uploads\/2022\/04\/DJI_0134-1024x575.jpg\" alt=\"\" data-id=\"8032\" data-full-url=\"http:\/\/www.proma.com.br\/blog\/wp-content\/uploads\/2022\/04\/DJI_0134-scaled.jpg\" data-link=\"http:\/\/www.proma.com.br\/blog\/?attachment_id=8032\" class=\"wp-image-8032\" srcset=\"https:\/\/www.proma.com.br\/blog\/wp-content\/uploads\/2022\/04\/DJI_0134-1024x575.jpg 1024w, https:\/\/www.proma.com.br\/blog\/wp-content\/uploads\/2022\/04\/DJI_0134-960x539.jpg 960w, https:\/\/www.proma.com.br\/blog\/wp-content\/uploads\/2022\/04\/DJI_0134-768x431.jpg 768w, https:\/\/www.proma.com.br\/blog\/wp-content\/uploads\/2022\/04\/DJI_0134-1536x863.jpg 1536w, https:\/\/www.proma.com.br\/blog\/wp-content\/uploads\/2022\/04\/DJI_0134-2048x1150.jpg 2048w, https:\/\/www.proma.com.br\/blog\/wp-content\/uploads\/2022\/04\/DJI_0134-500x281.jpg 500w\" sizes=\"(max-width: 1024px) 100vw, 1024px\" \/><\/figure><\/li><\/ul><\/figure>\n\n\n\n<p>A arquiteta afirma que as chaves entregues indicam a concretiza\u00e7\u00e3o de um projeto pensado e executado com muito carinho. \u201cN\u00e3o tem como n\u00e3o lembrarmos de como tudo come\u00e7ou. O que permanece, hoje, \u00e9 o sentimento de miss\u00e3o cumprida. A nossa equipe \u00e9 extremamente comprometida com o que se prop\u00f5e a fazer. O nosso desejo para cada morador \u00e9 de um futuro ainda mais aben\u00e7oado\u201d, enfatiza Carol.<\/p>\n\n\n\n<p><strong>PROMA: 30 ANOS REALIZANDO SONHOS<\/strong><\/p>\n\n\n\n<p>Em 2022, a Proma completa 30 anos. \u201cEm seis meses, esse \u00e9 o segundo empreendimento entregue \u2013 o primeiro foi o Residencial Gard\u00eania e, hoje, o Residencial Dracena. Estamos sempre em busca de novos projetos e desafios\u201d, ressalta Paulo Obenaus.<\/p>\n\n\n\n<p>Para Obenaus, a Proma constr\u00f3i, h\u00e1 30 anos, uma trajet\u00f3ria baseada na realiza\u00e7\u00e3o dos pr\u00f3prios sonhos e dos sonhos de quem conquista o pr\u00f3prio lar. \u201cCada chave entregue faz valer todo o nosso empenho, entrega e dedica\u00e7\u00e3o. Somos movidos a desafios e nos sentimos plenamente felizes quando cumprimos os nossos objetivos com \u00e9tica e profissionalismo\u201d, lembra Obenaus.<\/p>\n\n\n\n<p><strong>POR QUE O NOME DRACENA?<\/strong><\/p>\n\n\n\n<p>No in\u00edcio da sua hist\u00f3ria, em 1992, a Proma definiu como op\u00e7\u00e3o nomes de plantas ou flores para os seus empreendimentos. Em outro momento, foi escolhida a linha de nomes de cidades europeias. Dessa forma, o Residencial Dracena resgata a mem\u00f3ria dessa trajet\u00f3ria que marcou o in\u00edcio dos primeiros empreendimentos que foram constru\u00eddos pela Proma.<\/p>\n\n\n\n<p><strong><em>Curiosidade<\/em><\/strong><\/p>\n\n\n\n<p>A flor de Dracena, al\u00e9m de linda, \u00e9 resistente e f\u00e1cil de ser cultivada \u2013 portanto, ideal para locais fechados, como apartamentos e escrit\u00f3rios, ou para dar cor \u00e0 um belo jardim. A presen\u00e7a da Dracena em interiores contribui para a purifica\u00e7\u00e3o do ar e a folhagem ornamental \u00e9 capaz de trazer vida ao ambiente, mesmo sem as flores.<\/p>\n\n\n\n<p><strong>DEPOIMENTOS<\/strong><\/p>\n\n\n\n<p><strong>Marli e Marcio Millnitz<\/strong><\/p>\n\n\n\n<figure class=\"wp-block-image size-large\"><img loading=\"lazy\" width=\"1633\" height=\"918\" src=\"http:\/\/www.proma.com.br\/blog\/wp-content\/uploads\/2022\/04\/168-edited.jpg\" alt=\"\" class=\"wp-image-8036\" srcset=\"https:\/\/www.proma.com.br\/blog\/wp-content\/uploads\/2022\/04\/168-edited.jpg 1633w, https:\/\/www.proma.com.br\/blog\/wp-content\/uploads\/2022\/04\/168-edited-960x540.jpg 960w, https:\/\/www.proma.com.br\/blog\/wp-content\/uploads\/2022\/04\/168-edited-1024x576.jpg 1024w, https:\/\/www.proma.com.br\/blog\/wp-content\/uploads\/2022\/04\/168-edited-768x432.jpg 768w, https:\/\/www.proma.com.br\/blog\/wp-content\/uploads\/2022\/04\/168-edited-1536x863.jpg 1536w, https:\/\/www.proma.com.br\/blog\/wp-content\/uploads\/2022\/04\/168-edited-500x281.jpg 500w\" sizes=\"(max-width: 1633px) 100vw, 1633px\" \/><figcaption>Marli e Marcio Millnitz<\/figcaption><\/figure>\n\n\n\n<p>\u201cN\u00f3s fomos os primeiros compradores do Dracena \u2013 compramos antes mesmo de o projeto ser lan\u00e7ado. Por isso, hoje, \u00e9 a realiza\u00e7\u00e3o de um sonho. Foi muito gratificante acompanhar todo o processo, ainda mais porque sab\u00edamos que o nosso sonho estava em excelentes m\u00e3os. N\u00f3s procur\u00e1vamos um apartamento com comodidades e o Dracena \u00e9 perfeito. Sempre ouv\u00edamos falar bem do padr\u00e3o Proma, mas fomos surpreendidos. A Proma encantou ainda mais com a qualidade dos acabamentos e com todos os detalhes\u201d.<\/p>\n\n\n\n<p><strong>Maiara Bourscheidt e Gr\u00e9gori Fernandes<\/strong><\/p>\n\n\n\n<figure class=\"wp-block-image size-large\"><img loading=\"lazy\" width=\"1633\" height=\"918\" src=\"http:\/\/www.proma.com.br\/blog\/wp-content\/uploads\/2022\/04\/194-edited.jpg\" alt=\"\" class=\"wp-image-8038\" srcset=\"https:\/\/www.proma.com.br\/blog\/wp-content\/uploads\/2022\/04\/194-edited.jpg 1633w, https:\/\/www.proma.com.br\/blog\/wp-content\/uploads\/2022\/04\/194-edited-960x540.jpg 960w, https:\/\/www.proma.com.br\/blog\/wp-content\/uploads\/2022\/04\/194-edited-1024x576.jpg 1024w, https:\/\/www.proma.com.br\/blog\/wp-content\/uploads\/2022\/04\/194-edited-768x432.jpg 768w, https:\/\/www.proma.com.br\/blog\/wp-content\/uploads\/2022\/04\/194-edited-1536x863.jpg 1536w, https:\/\/www.proma.com.br\/blog\/wp-content\/uploads\/2022\/04\/194-edited-500x281.jpg 500w\" sizes=\"(max-width: 1633px) 100vw, 1633px\" \/><figcaption>Maiara Bourscheidt e Gr\u00e9gori Fernandes<\/figcaption><\/figure>\n\n\n\n<p>\u201cO Dracena superou todas as nossas expectativas \u2013 o que j\u00e1 era incr\u00edvel no projeto ficou ainda melhor pessoalmente. A nossa escolha pelo empreendimento se baseou, principalmente, pela estrutura com piscina e academia, sem falar na qualidade Proma e nas indica\u00e7\u00f5es que tivemos da construtora. Temos certeza de que seremos ainda mais felizes aqui. Nossos elogios \u00e0 equipe de corretores, que teve papel fundamental para recebermos as chaves hoje. O profissionalismo em todos os setores da Proma surpreende muito\u201d.<\/p>\n\n\n\n<p><strong>Eliz e Jean Dias<\/strong><\/p>\n\n\n\n<figure class=\"wp-block-image size-large\"><img loading=\"lazy\" width=\"1633\" height=\"918\" src=\"http:\/\/www.proma.com.br\/blog\/wp-content\/uploads\/2022\/04\/211-edited.jpg\" alt=\"\" class=\"wp-image-8042\" srcset=\"https:\/\/www.proma.com.br\/blog\/wp-content\/uploads\/2022\/04\/211-edited.jpg 1633w, https:\/\/www.proma.com.br\/blog\/wp-content\/uploads\/2022\/04\/211-edited-960x540.jpg 960w, https:\/\/www.proma.com.br\/blog\/wp-content\/uploads\/2022\/04\/211-edited-1024x576.jpg 1024w, https:\/\/www.proma.com.br\/blog\/wp-content\/uploads\/2022\/04\/211-edited-768x432.jpg 768w, https:\/\/www.proma.com.br\/blog\/wp-content\/uploads\/2022\/04\/211-edited-1536x863.jpg 1536w, https:\/\/www.proma.com.br\/blog\/wp-content\/uploads\/2022\/04\/211-edited-500x281.jpg 500w\" sizes=\"(max-width: 1633px) 100vw, 1633px\" \/><figcaption>Eliz e Jean Dias<\/figcaption><\/figure>\n\n\n\n<p>\u201cN\u00f3s compramos um apartamento no Dracena para investimento porque temos a certeza de que o retorno financeiro \u00e9 garantido. A localiza\u00e7\u00e3o do empreendimento \u00e9 incr\u00edvel, perto de tudo. Acreditamos muito na Proma, uma construtora que tem ra\u00edzes na cidade e que, com certeza, \u00e9 sin\u00f4nimo de confian\u00e7a. Em todo empreendimento a Proma surpreende e n\u00f3s fomos surpreendidos. N\u00f3s brincamos que todas as construtoras t\u00eam um belo bolo, mas s\u00f3 a Proma tem a cereja\u201d.<\/p>\n\n\n\n<p><strong>Jandira Correa<\/strong><\/p>\n\n\n\n<figure class=\"wp-block-image size-large\"><img loading=\"lazy\" width=\"1633\" height=\"918\" src=\"http:\/\/www.proma.com.br\/blog\/wp-content\/uploads\/2022\/04\/207-edited.jpg\" alt=\"\" class=\"wp-image-8043\" srcset=\"https:\/\/www.proma.com.br\/blog\/wp-content\/uploads\/2022\/04\/207-edited.jpg 1633w, https:\/\/www.proma.com.br\/blog\/wp-content\/uploads\/2022\/04\/207-edited-960x540.jpg 960w, https:\/\/www.proma.com.br\/blog\/wp-content\/uploads\/2022\/04\/207-edited-1024x576.jpg 1024w, https:\/\/www.proma.com.br\/blog\/wp-content\/uploads\/2022\/04\/207-edited-768x432.jpg 768w, https:\/\/www.proma.com.br\/blog\/wp-content\/uploads\/2022\/04\/207-edited-1536x863.jpg 1536w, https:\/\/www.proma.com.br\/blog\/wp-content\/uploads\/2022\/04\/207-edited-500x281.jpg 500w\" sizes=\"(max-width: 1633px) 100vw, 1633px\" \/><figcaption>Jandira Correa<\/figcaption><\/figure>\n\n\n\n<p>\u201cEu escolhi o Dracena pela infraestrutura e pela localiza\u00e7\u00e3o. Eu fiquei encantada com o projeto e com a beleza da obra. Hoje, olhando para o empreendimento, eu tenho aquela sensa\u00e7\u00e3o de \u2018nossa, \u00e9 muito melhor do que eu poderia imaginar\u2019. O Dracena est\u00e1 lindo\u201d.<\/p>\n\n\n\n<p><strong>Rose Catarina e Heitor<\/strong><\/p>\n\n\n\n<figure class=\"wp-block-image size-large\"><img loading=\"lazy\" width=\"1633\" height=\"918\" src=\"http:\/\/www.proma.com.br\/blog\/wp-content\/uploads\/2022\/04\/204-edited.jpg\" alt=\"\" class=\"wp-image-8045\" srcset=\"https:\/\/www.proma.com.br\/blog\/wp-content\/uploads\/2022\/04\/204-edited.jpg 1633w, https:\/\/www.proma.com.br\/blog\/wp-content\/uploads\/2022\/04\/204-edited-960x540.jpg 960w, https:\/\/www.proma.com.br\/blog\/wp-content\/uploads\/2022\/04\/204-edited-1024x576.jpg 1024w, https:\/\/www.proma.com.br\/blog\/wp-content\/uploads\/2022\/04\/204-edited-768x432.jpg 768w, https:\/\/www.proma.com.br\/blog\/wp-content\/uploads\/2022\/04\/204-edited-1536x863.jpg 1536w, https:\/\/www.proma.com.br\/blog\/wp-content\/uploads\/2022\/04\/204-edited-500x281.jpg 500w\" sizes=\"(max-width: 1633px) 100vw, 1633px\" \/><figcaption>Rose Catarina e Heitor<\/figcaption><\/figure>\n\n\n\n<p>\u201cCompramos um apartamento no Dracena porque confiamos na Proma. Confian\u00e7a na Proma e confian\u00e7a nos detalhes. Desde que nos mudamos para Jaragu\u00e1 do Sul n\u00f3s quer\u00edamos um Proma. O Dracena \u00e9 charmoso. O Dracena tem pessoalidade, personalidade e identidade. Para n\u00f3s, a entrada do empreendimento \u00e9 muito importante: precisamos olhar a entrada e desejar entrar. N\u00f3s desejamos entrar no Dracena\u201d.<\/p>\n\n\n\n<p><strong>Alessandra Dias<\/strong><\/p>\n\n\n\n<figure class=\"wp-block-image size-large\"><img loading=\"lazy\" width=\"1633\" height=\"918\" src=\"http:\/\/www.proma.com.br\/blog\/wp-content\/uploads\/2022\/04\/206-edited.jpg\" alt=\"\" class=\"wp-image-8047\" srcset=\"https:\/\/www.proma.com.br\/blog\/wp-content\/uploads\/2022\/04\/206-edited.jpg 1633w, https:\/\/www.proma.com.br\/blog\/wp-content\/uploads\/2022\/04\/206-edited-960x540.jpg 960w, https:\/\/www.proma.com.br\/blog\/wp-content\/uploads\/2022\/04\/206-edited-1024x576.jpg 1024w, https:\/\/www.proma.com.br\/blog\/wp-content\/uploads\/2022\/04\/206-edited-768x432.jpg 768w, https:\/\/www.proma.com.br\/blog\/wp-content\/uploads\/2022\/04\/206-edited-1536x863.jpg 1536w, https:\/\/www.proma.com.br\/blog\/wp-content\/uploads\/2022\/04\/206-edited-500x281.jpg 500w\" sizes=\"(max-width: 1633px) 100vw, 1633px\" \/><\/figure>\n\n\n\n<p>\u201cA localiza\u00e7\u00e3o do Dracena \u00e9 incr\u00edvel e foi fator decisivo para a compra. Tamb\u00e9m destaco o projeto, o design e a arquitetura. J\u00e1 conhecia o padr\u00e3o de qualidade e, por isso, confio muito na Proma. Hoje, o sentimento \u00e9 de conquista e felicidade. Sem d\u00favida, a Proma superou ainda mais as minhas expectativas\u201d.<\/p>\n\n\n\n<p><em>Confira os registros feitos pelo fot\u00f3grafo Ivan desse dia t\u00e3o especial.<\/em><\/p>\n\n\n\n<figure class=\"wp-block-gallery columns-3 is-cropped\"><ul class=\"blocks-gallery-grid\"><li class=\"blocks-gallery-item\"><figure><img loading=\"lazy\" width=\"1024\" height=\"683\" src=\"http:\/\/www.proma.com.br\/blog\/wp-content\/uploads\/2022\/04\/19-1024x683.jpg\" alt=\"\" data-id=\"8049\" data-full-url=\"http:\/\/www.proma.com.br\/blog\/wp-content\/uploads\/2022\/04\/19.jpg\" data-link=\"http:\/\/www.proma.com.br\/blog\/?attachment_id=8049\" class=\"wp-image-8049\" srcset=\"https:\/\/www.proma.com.br\/blog\/wp-content\/uploads\/2022\/04\/19-1024x683.jpg 1024w, https:\/\/www.proma.com.br\/blog\/wp-content\/uploads\/2022\/04\/19-960x640.jpg 960w, https:\/\/www.proma.com.br\/blog\/wp-content\/uploads\/2022\/04\/19-768x512.jpg 768w, https:\/\/www.proma.com.br\/blog\/wp-content\/uploads\/2022\/04\/19-1536x1024.jpg 1536w, https:\/\/www.proma.com.br\/blog\/wp-content\/uploads\/2022\/04\/19-2048x1366.jpg 2048w, https:\/\/www.proma.com.br\/blog\/wp-content\/uploads\/2022\/04\/19-450x300.jpg 450w\" sizes=\"(max-width: 1024px) 100vw, 1024px\" \/><\/figure><\/li><li class=\"blocks-gallery-item\"><figure><img loading=\"lazy\" width=\"1024\" height=\"683\" src=\"http:\/\/www.proma.com.br\/blog\/wp-content\/uploads\/2022\/04\/29-1024x683.jpg\" alt=\"\" data-id=\"8050\" data-full-url=\"http:\/\/www.proma.com.br\/blog\/wp-content\/uploads\/2022\/04\/29.jpg\" data-link=\"http:\/\/www.proma.com.br\/blog\/?attachment_id=8050\" class=\"wp-image-8050\" srcset=\"https:\/\/www.proma.com.br\/blog\/wp-content\/uploads\/2022\/04\/29-1024x683.jpg 1024w, https:\/\/www.proma.com.br\/blog\/wp-content\/uploads\/2022\/04\/29-960x640.jpg 960w, https:\/\/www.proma.com.br\/blog\/wp-content\/uploads\/2022\/04\/29-768x512.jpg 768w, https:\/\/www.proma.com.br\/blog\/wp-content\/uploads\/2022\/04\/29-1536x1024.jpg 1536w, https:\/\/www.proma.com.br\/blog\/wp-content\/uploads\/2022\/04\/29-2048x1366.jpg 2048w, https:\/\/www.proma.com.br\/blog\/wp-content\/uploads\/2022\/04\/29-450x300.jpg 450w\" sizes=\"(max-width: 1024px) 100vw, 1024px\" \/><\/figure><\/li><li class=\"blocks-gallery-item\"><figure><img loading=\"lazy\" width=\"1024\" height=\"683\" src=\"http:\/\/www.proma.com.br\/blog\/wp-content\/uploads\/2022\/04\/191-1024x683.jpg\" alt=\"\" data-id=\"8051\" data-full-url=\"http:\/\/www.proma.com.br\/blog\/wp-content\/uploads\/2022\/04\/191.jpg\" data-link=\"http:\/\/www.proma.com.br\/blog\/?attachment_id=8051\" class=\"wp-image-8051\" srcset=\"https:\/\/www.proma.com.br\/blog\/wp-content\/uploads\/2022\/04\/191-1024x683.jpg 1024w, https:\/\/www.proma.com.br\/blog\/wp-content\/uploads\/2022\/04\/191-960x640.jpg 960w, https:\/\/www.proma.com.br\/blog\/wp-content\/uploads\/2022\/04\/191-768x512.jpg 768w, https:\/\/www.proma.com.br\/blog\/wp-content\/uploads\/2022\/04\/191-1536x1024.jpg 1536w, https:\/\/www.proma.com.br\/blog\/wp-content\/uploads\/2022\/04\/191-2048x1366.jpg 2048w, https:\/\/www.proma.com.br\/blog\/wp-content\/uploads\/2022\/04\/191-450x300.jpg 450w\" sizes=\"(max-width: 1024px) 100vw, 1024px\" \/><\/figure><\/li><li class=\"blocks-gallery-item\"><figure><img loading=\"lazy\" width=\"1024\" height=\"683\" src=\"http:\/\/www.proma.com.br\/blog\/wp-content\/uploads\/2022\/04\/210-1024x683.jpg\" alt=\"\" data-id=\"8052\" data-full-url=\"http:\/\/www.proma.com.br\/blog\/wp-content\/uploads\/2022\/04\/210.jpg\" data-link=\"http:\/\/www.proma.com.br\/blog\/?attachment_id=8052\" class=\"wp-image-8052\" srcset=\"https:\/\/www.proma.com.br\/blog\/wp-content\/uploads\/2022\/04\/210-1024x683.jpg 1024w, https:\/\/www.proma.com.br\/blog\/wp-content\/uploads\/2022\/04\/210-960x640.jpg 960w, https:\/\/www.proma.com.br\/blog\/wp-content\/uploads\/2022\/04\/210-768x512.jpg 768w, https:\/\/www.proma.com.br\/blog\/wp-content\/uploads\/2022\/04\/210-1536x1024.jpg 1536w, https:\/\/www.proma.com.br\/blog\/wp-content\/uploads\/2022\/04\/210-2048x1366.jpg 2048w, https:\/\/www.proma.com.br\/blog\/wp-content\/uploads\/2022\/04\/210-450x300.jpg 450w\" sizes=\"(max-width: 1024px) 100vw, 1024px\" \/><\/figure><\/li><li class=\"blocks-gallery-item\"><figure><img loading=\"lazy\" width=\"1024\" height=\"683\" src=\"http:\/\/www.proma.com.br\/blog\/wp-content\/uploads\/2022\/04\/214-1024x683.jpg\" alt=\"\" data-id=\"8053\" data-full-url=\"http:\/\/www.proma.com.br\/blog\/wp-content\/uploads\/2022\/04\/214.jpg\" data-link=\"http:\/\/www.proma.com.br\/blog\/?attachment_id=8053\" class=\"wp-image-8053\" srcset=\"https:\/\/www.proma.com.br\/blog\/wp-content\/uploads\/2022\/04\/214-1024x683.jpg 1024w, https:\/\/www.proma.com.br\/blog\/wp-content\/uploads\/2022\/04\/214-960x640.jpg 960w, https:\/\/www.proma.com.br\/blog\/wp-content\/uploads\/2022\/04\/214-768x512.jpg 768w, https:\/\/www.proma.com.br\/blog\/wp-content\/uploads\/2022\/04\/214-1536x1024.jpg 1536w, https:\/\/www.proma.com.br\/blog\/wp-content\/uploads\/2022\/04\/214-2048x1366.jpg 2048w, https:\/\/www.proma.com.br\/blog\/wp-content\/uploads\/2022\/04\/214-450x300.jpg 450w\" sizes=\"(max-width: 1024px) 100vw, 1024px\" \/><\/figure><\/li><li class=\"blocks-gallery-item\"><figure><img loading=\"lazy\" width=\"1024\" height=\"683\" src=\"http:\/\/www.proma.com.br\/blog\/wp-content\/uploads\/2022\/04\/219-1024x683.jpg\" alt=\"\" data-id=\"8054\" data-full-url=\"http:\/\/www.proma.com.br\/blog\/wp-content\/uploads\/2022\/04\/219.jpg\" data-link=\"http:\/\/www.proma.com.br\/blog\/?attachment_id=8054\" class=\"wp-image-8054\" srcset=\"https:\/\/www.proma.com.br\/blog\/wp-content\/uploads\/2022\/04\/219-1024x683.jpg 1024w, https:\/\/www.proma.com.br\/blog\/wp-content\/uploads\/2022\/04\/219-960x640.jpg 960w, https:\/\/www.proma.com.br\/blog\/wp-content\/uploads\/2022\/04\/219-768x512.jpg 768w, https:\/\/www.proma.com.br\/blog\/wp-content\/uploads\/2022\/04\/219-1536x1024.jpg 1536w, https:\/\/www.proma.com.br\/blog\/wp-content\/uploads\/2022\/04\/219-2048x1366.jpg 2048w, https:\/\/www.proma.com.br\/blog\/wp-content\/uploads\/2022\/04\/219-450x300.jpg 450w\" sizes=\"(max-width: 1024px) 100vw, 1024px\" \/><\/figure><\/li><li class=\"blocks-gallery-item\"><figure><img loading=\"lazy\" width=\"1024\" height=\"683\" src=\"http:\/\/www.proma.com.br\/blog\/wp-content\/uploads\/2022\/04\/231-1024x683.jpg\" alt=\"\" data-id=\"8055\" data-full-url=\"http:\/\/www.proma.com.br\/blog\/wp-content\/uploads\/2022\/04\/231.jpg\" data-link=\"http:\/\/www.proma.com.br\/blog\/?attachment_id=8055\" class=\"wp-image-8055\" srcset=\"https:\/\/www.proma.com.br\/blog\/wp-content\/uploads\/2022\/04\/231-1024x683.jpg 1024w, https:\/\/www.proma.com.br\/blog\/wp-content\/uploads\/2022\/04\/231-960x640.jpg 960w, https:\/\/www.proma.com.br\/blog\/wp-content\/uploads\/2022\/04\/231-768x512.jpg 768w, https:\/\/www.proma.com.br\/blog\/wp-content\/uploads\/2022\/04\/231-1536x1024.jpg 1536w, https:\/\/www.proma.com.br\/blog\/wp-content\/uploads\/2022\/04\/231-2048x1366.jpg 2048w, https:\/\/www.proma.com.br\/blog\/wp-content\/uploads\/2022\/04\/231-450x300.jpg 450w\" sizes=\"(max-width: 1024px) 100vw, 1024px\" \/><\/figure><\/li><li class=\"blocks-gallery-item\"><figure><img loading=\"lazy\" width=\"1024\" height=\"683\" src=\"http:\/\/www.proma.com.br\/blog\/wp-content\/uploads\/2022\/04\/232-1024x683.jpg\" alt=\"\" data-id=\"8056\" data-full-url=\"http:\/\/www.proma.com.br\/blog\/wp-content\/uploads\/2022\/04\/232.jpg\" data-link=\"http:\/\/www.proma.com.br\/blog\/?attachment_id=8056\" class=\"wp-image-8056\" srcset=\"https:\/\/www.proma.com.br\/blog\/wp-content\/uploads\/2022\/04\/232-1024x683.jpg 1024w, https:\/\/www.proma.com.br\/blog\/wp-content\/uploads\/2022\/04\/232-960x640.jpg 960w, https:\/\/www.proma.com.br\/blog\/wp-content\/uploads\/2022\/04\/232-768x512.jpg 768w, https:\/\/www.proma.com.br\/blog\/wp-content\/uploads\/2022\/04\/232-1536x1024.jpg 1536w, https:\/\/www.proma.com.br\/blog\/wp-content\/uploads\/2022\/04\/232-2048x1366.jpg 2048w, https:\/\/www.proma.com.br\/blog\/wp-content\/uploads\/2022\/04\/232-450x300.jpg 450w\" sizes=\"(max-width: 1024px) 100vw, 1024px\" \/><\/figure><\/li><li class=\"blocks-gallery-item\"><figure><img loading=\"lazy\" width=\"1024\" height=\"683\" src=\"http:\/\/www.proma.com.br\/blog\/wp-content\/uploads\/2022\/04\/240-1024x683.jpg\" alt=\"\" data-id=\"8057\" data-full-url=\"http:\/\/www.proma.com.br\/blog\/wp-content\/uploads\/2022\/04\/240.jpg\" data-link=\"http:\/\/www.proma.com.br\/blog\/?attachment_id=8057\" class=\"wp-image-8057\" srcset=\"https:\/\/www.proma.com.br\/blog\/wp-content\/uploads\/2022\/04\/240-1024x683.jpg 1024w, https:\/\/www.proma.com.br\/blog\/wp-content\/uploads\/2022\/04\/240-960x640.jpg 960w, https:\/\/www.proma.com.br\/blog\/wp-content\/uploads\/2022\/04\/240-768x512.jpg 768w, https:\/\/www.proma.com.br\/blog\/wp-content\/uploads\/2022\/04\/240-1536x1024.jpg 1536w, https:\/\/www.proma.com.br\/blog\/wp-content\/uploads\/2022\/04\/240-2048x1366.jpg 2048w, https:\/\/www.proma.com.br\/blog\/wp-content\/uploads\/2022\/04\/240-450x300.jpg 450w\" sizes=\"(max-width: 1024px) 100vw, 1024px\" \/><\/figure><\/li><li class=\"blocks-gallery-item\"><figure><img loading=\"lazy\" width=\"1024\" height=\"683\" src=\"http:\/\/www.proma.com.br\/blog\/wp-content\/uploads\/2022\/04\/242-1024x683.jpg\" alt=\"\" data-id=\"8058\" data-full-url=\"http:\/\/www.proma.com.br\/blog\/wp-content\/uploads\/2022\/04\/242.jpg\" data-link=\"http:\/\/www.proma.com.br\/blog\/?attachment_id=8058\" class=\"wp-image-8058\" srcset=\"https:\/\/www.proma.com.br\/blog\/wp-content\/uploads\/2022\/04\/242-1024x683.jpg 1024w, https:\/\/www.proma.com.br\/blog\/wp-content\/uploads\/2022\/04\/242-960x640.jpg 960w, https:\/\/www.proma.com.br\/blog\/wp-content\/uploads\/2022\/04\/242-768x512.jpg 768w, https:\/\/www.proma.com.br\/blog\/wp-content\/uploads\/2022\/04\/242-1536x1024.jpg 1536w, https:\/\/www.proma.com.br\/blog\/wp-content\/uploads\/2022\/04\/242-2048x1366.jpg 2048w, https:\/\/www.proma.com.br\/blog\/wp-content\/uploads\/2022\/04\/242-450x300.jpg 450w\" sizes=\"(max-width: 1024px) 100vw, 1024px\" \/><\/figure><\/li><li class=\"blocks-gallery-item\"><figure><img loading=\"lazy\" width=\"1024\" height=\"683\" src=\"http:\/\/www.proma.com.br\/blog\/wp-content\/uploads\/2022\/04\/247-1024x683.jpg\" alt=\"\" data-id=\"8059\" data-full-url=\"http:\/\/www.proma.com.br\/blog\/wp-content\/uploads\/2022\/04\/247.jpg\" data-link=\"http:\/\/www.proma.com.br\/blog\/?attachment_id=8059\" class=\"wp-image-8059\" srcset=\"https:\/\/www.proma.com.br\/blog\/wp-content\/uploads\/2022\/04\/247-1024x683.jpg 1024w, https:\/\/www.proma.com.br\/blog\/wp-content\/uploads\/2022\/04\/247-960x640.jpg 960w, https:\/\/www.proma.com.br\/blog\/wp-content\/uploads\/2022\/04\/247-768x512.jpg 768w, https:\/\/www.proma.com.br\/blog\/wp-content\/uploads\/2022\/04\/247-1536x1024.jpg 1536w, https:\/\/www.proma.com.br\/blog\/wp-content\/uploads\/2022\/04\/247-2048x1366.jpg 2048w, https:\/\/www.proma.com.br\/blog\/wp-content\/uploads\/2022\/04\/247-450x300.jpg 450w\" sizes=\"(max-width: 1024px) 100vw, 1024px\" \/><\/figure><\/li><li class=\"blocks-gallery-item\"><figure><img loading=\"lazy\" width=\"1024\" height=\"683\" src=\"http:\/\/www.proma.com.br\/blog\/wp-content\/uploads\/2022\/04\/259-1024x683.jpg\" alt=\"\" data-id=\"8060\" data-full-url=\"http:\/\/www.proma.com.br\/blog\/wp-content\/uploads\/2022\/04\/259.jpg\" data-link=\"http:\/\/www.proma.com.br\/blog\/?attachment_id=8060\" class=\"wp-image-8060\" srcset=\"https:\/\/www.proma.com.br\/blog\/wp-content\/uploads\/2022\/04\/259-1024x683.jpg 1024w, https:\/\/www.proma.com.br\/blog\/wp-content\/uploads\/2022\/04\/259-960x640.jpg 960w, https:\/\/www.proma.com.br\/blog\/wp-content\/uploads\/2022\/04\/259-768x512.jpg 768w, https:\/\/www.proma.com.br\/blog\/wp-content\/uploads\/2022\/04\/259-1536x1024.jpg 1536w, https:\/\/www.proma.com.br\/blog\/wp-content\/uploads\/2022\/04\/259-2048x1366.jpg 2048w, https:\/\/www.proma.com.br\/blog\/wp-content\/uploads\/2022\/04\/259-450x300.jpg 450w\" sizes=\"(max-width: 1024px) 100vw, 1024px\" \/><\/figure><\/li><\/ul><\/figure>\n","protected":false},"excerpt":{"rendered":"<p>Em cada espa\u00e7o, aconchego. Em cada detalhe, cuidado. Em cada oportunidade de lazer, divers\u00e3o. Em cada apartamento, muito de n\u00f3s \u2013 do nosso cuidado, da nossa expertise e da nossa paix\u00e3o em realizar sonhos e projetos de vida. O seu&hellip;<\/p>\n","protected":false},"author":3,"featured_media":8020,"comment_status":"open","ping_status":"closed","sticky":false,"template":"","format":"standard","meta":[],"categories":[1145,3],"tags":[3303,566,2890],"_links":{"self":[{"href":"https:\/\/www.proma.com.br\/blog\/wp-json\/wp\/v2\/posts\/8017"}],"collection":[{"href":"https:\/\/www.proma.com.br\/blog\/wp-json\/wp\/v2\/posts"}],"about":[{"href":"https:\/\/www.proma.com.br\/blog\/wp-json\/wp\/v2\/types\/post"}],"author":[{"embeddable":true,"href":"https:\/\/www.proma.com.br\/blog\/wp-json\/wp\/v2\/users\/3"}],"replies":[{"embeddable":true,"href":"https:\/\/www.proma.com.br\/blog\/wp-json\/wp\/v2\/comments?post=8017"}],"version-history":[{"count":5,"href":"https:\/\/www.proma.com.br\/blog\/wp-json\/wp\/v2\/posts\/8017\/revisions"}],"predecessor-version":[{"id":8061,"href":"https:\/\/www.proma.com.br\/blog\/wp-json\/wp\/v2\/posts\/8017\/revisions\/8061"}],"wp:featuredmedia":[{"embeddable":true,"href":"https:\/\/www.proma.com.br\/blog\/wp-json\/wp\/v2\/media\/8020"}],"wp:attachment":[{"href":"https:\/\/www.proma.com.br\/blog\/wp-json\/wp\/v2\/media?parent=8017"}],"wp:term":[{"taxonomy":"category","embeddable":true,"href":"https:\/\/www.proma.com.br\/blog\/wp-json\/wp\/v2\/categories?post=8017"},{"taxonomy":"post_tag","embeddable":true,"href":"https:\/\/www.proma.com.br\/blog\/wp-json\/wp\/v2\/tags?post=8017"}],"curies":[{"name":"wp","href":"https:\/\/api.w.org\/{rel}","templated":true}]}}