{"id":8062,"date":"2022-04-05T11:19:00","date_gmt":"2022-04-05T14:19:00","guid":{"rendered":"http:\/\/www.proma.com.br\/blog\/?p=8062"},"modified":"2022-04-20T11:43:29","modified_gmt":"2022-04-20T14:43:29","slug":"estudo-cozinhar-em-casa-faz-bem-para-a-saude-mental","status":"publish","type":"post","link":"https:\/\/www.proma.com.br\/blog\/estudo-cozinhar-em-casa-faz-bem-para-a-saude-mental\/","title":{"rendered":"ESTUDO: COZINHAR EM CASA FAZ BEM PARA A SA\u00daDE MENTAL"},"content":{"rendered":"\n<p><\/p>\n\n\n\n<p>Voc\u00ea j\u00e1 ouviu falar que cozinhar \u00e9 tamb\u00e9m uma terapia? \u00c9 verdade \u2014 e quem afirma \u00e9 a ci\u00eancia. Um estudo publicado na revista <em>Frontiers in Nutrition<\/em> demonstra que preparar a pr\u00f3pria comida em casa faz bem \u00e0 sa\u00fade mental.<\/p>\n\n\n\n<figure class=\"wp-block-image size-large\"><img loading=\"lazy\" width=\"1024\" height=\"683\" src=\"http:\/\/www.proma.com.br\/blog\/wp-content\/uploads\/2022\/04\/woman-cooking-kitchen-1024x683.jpg\" alt=\"\" class=\"wp-image-8063\" srcset=\"https:\/\/www.proma.com.br\/blog\/wp-content\/uploads\/2022\/04\/woman-cooking-kitchen-1024x683.jpg 1024w, https:\/\/www.proma.com.br\/blog\/wp-content\/uploads\/2022\/04\/woman-cooking-kitchen-960x640.jpg 960w, https:\/\/www.proma.com.br\/blog\/wp-content\/uploads\/2022\/04\/woman-cooking-kitchen-768x512.jpg 768w, https:\/\/www.proma.com.br\/blog\/wp-content\/uploads\/2022\/04\/woman-cooking-kitchen-1536x1024.jpg 1536w, https:\/\/www.proma.com.br\/blog\/wp-content\/uploads\/2022\/04\/woman-cooking-kitchen-2048x1365.jpg 2048w, https:\/\/www.proma.com.br\/blog\/wp-content\/uploads\/2022\/04\/woman-cooking-kitchen-450x300.jpg 450w\" sizes=\"(max-width: 1024px) 100vw, 1024px\" \/><\/figure>\n\n\n\n<p>Interessante, n\u00e9?<\/p>\n\n\n\n<p>A pesquisa contou com 657 participantes, que fizeram um curso de sete semanas sobre culin\u00e1ria saud\u00e1vel promovido pelo chef brit\u00e2nico Jamie Oliver. Entre 2016 e 2018, uma cozinha m\u00f3vel passou pelos campus de duas universidades australianas. Ap\u00f3s esse per\u00edodo, cientistas da Universidade Edith Cowan, no mesmo pa\u00eds, analisaram os impactos do curso na vida das pessoas recrutadas.<\/p>\n\n\n\n<p>Ap\u00f3s seis meses do fim do curso, os participantes que fizeram as aulas perceberam uma mudan\u00e7a positiva significativa na sa\u00fade mental e f\u00edsica como um todo. \u201cMelhorar a qualidade da dieta das pessoas pode ser uma estrat\u00e9gia preventiva para deter ou retardar o aumento da m\u00e1 sa\u00fade mental, [de] obesidade e outros dist\u00farbios metab\u00f3licos da sa\u00fade\u201d, explica, em nota, Joanna Rees, l\u00edder da pesquisa.<\/p>\n\n\n\n<p>Contudo, a causa dessa mudan\u00e7a n\u00e3o foi por novos h\u00e1bitos alimentares, pois os participantes que eram obesos ou estavam acima do peso e aqueles que n\u00e3o aderiram \u00e0 dieta do curso apresentaram os mesmos resultados. \u201cIsso sugere uma liga\u00e7\u00e3o entre a confian\u00e7a e a satisfa\u00e7\u00e3o em cozinhar e os benef\u00edcios para a sa\u00fade mental\u201d, explica Rees.<\/p>\n\n\n\n<p>Um outro aspecto analisado foi se houve alguma mudan\u00e7a na confian\u00e7a entre homens e mulheres ao final do curso. De acordo com os resultados, os n\u00edveis de confian\u00e7a e habilidades culin\u00e1rias eram iguais. Antes das aulas, por\u00e9m, a realidade era bem diferente: 77% das mulheres se diziam confiantes na cozinha contra apenas 23% dos homens.<\/p>\n\n\n\n<p>Para al\u00e9m da melhora na sa\u00fade mental, o estudo tamb\u00e9m sugere que a maior confian\u00e7a em cozinhar pode auxiliar nas rela\u00e7\u00f5es dentro de casa, reduzindo o vi\u00e9s de g\u00eanero. \u201cIsso, por sua vez, pode ajudar a superar algumas das barreiras apresentadas por n\u00e3o saber cozinhar, como aliviar as restri\u00e7\u00f5es de tempo que podem levar a refei\u00e7\u00f5es prontas com alto valor energ\u00e9tico, mas baixo valor nutricional\u201d, conclui Rees.<\/p>\n\n\n\n<p><em>Como \u00e9 a sua cozinha? Voc\u00ea sente prazer em cozinhar?<\/em><\/p>\n\n\n\n<p><em>A equipe de arquitetura da Proma valoriza (e muito!) esse espa\u00e7o t\u00e3o importante em qualquer um de seus empreendimentos. Clique aqui e confira a cozinha do apartamento decorado do Residencial Dracena.<\/em><\/p>\n\n\n\n<figure class=\"wp-block-embed is-type-wp-embed is-provider-proma wp-block-embed-proma\"><div class=\"wp-block-embed__wrapper\">\n<blockquote class=\"wp-embedded-content\" data-secret=\"uQs95vg8Z0\"><a href=\"http:\/\/www.proma.com.br\/blog\/residencial-dracena-um-encanto-de-apartamento-modelo\/\">RESIDENCIAL DRACENA: UM ENCANTO DE APARTAMENTO MODELO<\/a><\/blockquote><iframe class=\"wp-embedded-content\" sandbox=\"allow-scripts\" security=\"restricted\" style=\"position: absolute; clip: rect(1px, 1px, 1px, 1px);\" title=\"&#8220;RESIDENCIAL DRACENA: UM ENCANTO DE APARTAMENTO MODELO&#8221; &#8212; Proma\" src=\"http:\/\/www.proma.com.br\/blog\/residencial-dracena-um-encanto-de-apartamento-modelo\/embed\/#?secret=uQs95vg8Z0\" data-secret=\"uQs95vg8Z0\" width=\"584\" height=\"329\" frameborder=\"0\" marginwidth=\"0\" marginheight=\"0\" scrolling=\"no\"><\/iframe>\n<\/div><\/figure>\n\n\n\n<p><strong>Fonte: <\/strong>Galileu<\/p>\n\n\n\n<p><strong>________<\/strong><\/p>\n\n\n\n<p><strong>LEIA TAMB\u00c9M:<\/strong><\/p>\n\n\n\n<p><\/p>\n\n\n\n<figure class=\"wp-block-embed is-type-wp-embed is-provider-proma wp-block-embed-proma\"><div class=\"wp-block-embed__wrapper\">\n<blockquote class=\"wp-embedded-content\" data-secret=\"NxDAFXxHQf\"><a href=\"http:\/\/www.proma.com.br\/blog\/praticidade-no-dia-a-dia-como-organizar-os-armarios-da-cozinha\/\">PRATICIDADE NO DIA A DIA: COMO ORGANIZAR OS ARM\u00c1RIOS DA COZINHA?<\/a><\/blockquote><iframe class=\"wp-embedded-content\" sandbox=\"allow-scripts\" security=\"restricted\" style=\"position: absolute; clip: rect(1px, 1px, 1px, 1px);\" title=\"&#8220;PRATICIDADE NO DIA A DIA: COMO ORGANIZAR OS ARM\u00c1RIOS DA COZINHA?&#8221; &#8212; Proma\" src=\"http:\/\/www.proma.com.br\/blog\/praticidade-no-dia-a-dia-como-organizar-os-armarios-da-cozinha\/embed\/#?secret=NxDAFXxHQf\" data-secret=\"NxDAFXxHQf\" width=\"584\" height=\"329\" frameborder=\"0\" marginwidth=\"0\" marginheight=\"0\" scrolling=\"no\"><\/iframe>\n<\/div><\/figure>\n\n\n\n<p><\/p>\n\n\n\n<figure class=\"wp-block-embed is-type-wp-embed is-provider-proma wp-block-embed-proma\"><div class=\"wp-block-embed__wrapper\">\n<blockquote class=\"wp-embedded-content\" data-secret=\"25NJ52qPZZ\"><a href=\"http:\/\/www.proma.com.br\/blog\/8-itens-indispensaveis-para-a-sua-cozinha\/\">8 ITENS INDISPENS\u00c1VEIS PARA A SUA COZINHA<\/a><\/blockquote><iframe class=\"wp-embedded-content\" sandbox=\"allow-scripts\" security=\"restricted\" style=\"position: absolute; clip: rect(1px, 1px, 1px, 1px);\" title=\"&#8220;8 ITENS INDISPENS\u00c1VEIS PARA A SUA COZINHA&#8221; &#8212; Proma\" src=\"http:\/\/www.proma.com.br\/blog\/8-itens-indispensaveis-para-a-sua-cozinha\/embed\/#?secret=25NJ52qPZZ\" data-secret=\"25NJ52qPZZ\" width=\"584\" height=\"329\" frameborder=\"0\" marginwidth=\"0\" marginheight=\"0\" scrolling=\"no\"><\/iframe>\n<\/div><\/figure>\n","protected":false},"excerpt":{"rendered":"<p>Voc\u00ea j\u00e1 ouviu falar que cozinhar \u00e9 tamb\u00e9m uma terapia? \u00c9 verdade \u2014 e quem afirma \u00e9 a ci\u00eancia. Um estudo publicado na revista Frontiers in Nutrition demonstra que preparar a pr\u00f3pria comida em casa faz bem \u00e0 sa\u00fade mental.&hellip;<\/p>\n","protected":false},"author":3,"featured_media":8063,"comment_status":"open","ping_status":"closed","sticky":false,"template":"","format":"standard","meta":[],"categories":[1142,1143,1145,1147],"tags":[3305,2478,3304],"_links":{"self":[{"href":"https:\/\/www.proma.com.br\/blog\/wp-json\/wp\/v2\/posts\/8062"}],"collection":[{"href":"https:\/\/www.proma.com.br\/blog\/wp-json\/wp\/v2\/posts"}],"about":[{"href":"https:\/\/www.proma.com.br\/blog\/wp-json\/wp\/v2\/types\/post"}],"author":[{"embeddable":true,"href":"https:\/\/www.proma.com.br\/blog\/wp-json\/wp\/v2\/users\/3"}],"replies":[{"embeddable":true,"href":"https:\/\/www.proma.com.br\/blog\/wp-json\/wp\/v2\/comments?post=8062"}],"version-history":[{"count":3,"href":"https:\/\/www.proma.com.br\/blog\/wp-json\/wp\/v2\/posts\/8062\/revisions"}],"predecessor-version":[{"id":8066,"href":"https:\/\/www.proma.com.br\/blog\/wp-json\/wp\/v2\/posts\/8062\/revisions\/8066"}],"wp:featuredmedia":[{"embeddable":true,"href":"https:\/\/www.proma.com.br\/blog\/wp-json\/wp\/v2\/media\/8063"}],"wp:attachment":[{"href":"https:\/\/www.proma.com.br\/blog\/wp-json\/wp\/v2\/media?parent=8062"}],"wp:term":[{"taxonomy":"category","embeddable":true,"href":"https:\/\/www.proma.com.br\/blog\/wp-json\/wp\/v2\/categories?post=8062"},{"taxonomy":"post_tag","embeddable":true,"href":"https:\/\/www.proma.com.br\/blog\/wp-json\/wp\/v2\/tags?post=8062"}],"curies":[{"name":"wp","href":"https:\/\/api.w.org\/{rel}","templated":true}]}}