{"id":8082,"date":"2022-04-29T11:57:23","date_gmt":"2022-04-29T14:57:23","guid":{"rendered":"http:\/\/www.proma.com.br\/blog\/?p=8082"},"modified":"2022-04-29T11:57:23","modified_gmt":"2022-04-29T14:57:23","slug":"como-plantar-um-girassol","status":"publish","type":"post","link":"https:\/\/www.proma.com.br\/blog\/como-plantar-um-girassol\/","title":{"rendered":"COMO PLANTAR UM GIRASSOL?"},"content":{"rendered":"\n<p><\/p>\n\n\n\n<figure class=\"wp-block-image size-large\"><img loading=\"lazy\" width=\"620\" height=\"455\" src=\"http:\/\/www.proma.com.br\/blog\/wp-content\/uploads\/2022\/04\/6.jpg\" alt=\"\" class=\"wp-image-8083\" srcset=\"https:\/\/www.proma.com.br\/blog\/wp-content\/uploads\/2022\/04\/6.jpg 620w, https:\/\/www.proma.com.br\/blog\/wp-content\/uploads\/2022\/04\/6-409x300.jpg 409w\" sizes=\"(max-width: 620px) 100vw, 620px\" \/><figcaption>O girassol \u00e9 uma planta heliotr\u00f3pica, ou seja, seu caule gira para posicionar a flor na dire\u00e7\u00e3o do sol (Foto: Pexels \/ Pixabay \/ CreativeCommons)<\/figcaption><\/figure>\n\n\n\n<p>Conhecida por ser uma planta heliotr\u00f3pica, ou seja, cujo caule gira para posicionar a flor na dire\u00e7\u00e3o do sol, o girassol costuma encantar.<\/p>\n\n\n\n<p>Famosa pelas flores amarelas, contudo, a planta guarda alguns segredos, como o fato de ter aproximadamente 70 esp\u00e9cies, possuir flores com outras colora\u00e7\u00f5es (como vermelho, branco e laranja), e ainda ter alguns exemplares comest\u00edveis.<\/p>\n\n\n\n<p>\u201cComo o pr\u00f3prio nome j\u00e1 diz, gostam muito do sol e giram para acompanhar o seu movimento. Por esse motivo, o melhor \u00e9 plant\u00e1-los na \u00e1rea externa, mas caso seja cultivada dentro de casa, escolha um cantinho pr\u00f3ximo a uma janela, com muito sol\u201d, diz a paisagista Iedes Campezzi.<\/p>\n\n\n\n<p><strong>DENTRO OU FORA?<\/strong><\/p>\n\n\n\n<p>Segundo a paisagista, os girass\u00f3is podem ser divididos em tr\u00eas grupos principais:<\/p>\n\n\n\n<ol type=\"1\"><li>girass\u00f3is altos.<\/li><li>girass\u00f3is an\u00f5es.<\/li><li>girass\u00f3is coloridos.<\/li><\/ol>\n\n\n\n<p>A esp\u00e9cie mais indicada para cultivo dentro de casa ser\u00e1 definida pelo tamanho da muda. \u201cIsso \u00e9 muito importante, pois existem esp\u00e9cies que passam dos 6 metros! Mas h\u00e1 tamb\u00e9m o grupo de girass\u00f3is an\u00f5es, que chegam at\u00e9 20 cm\u201d, explica.<\/p>\n\n\n\n<p>Para quem quer cultivar a planta em casa, a dica \u00e9 optar por um vaso grande. \u201cOs girass\u00f3is t\u00eam ra\u00edzes profundas, ent\u00e3o o ideal \u00e9 um vaso fundo, com terra fofa. Al\u00e9m disso, \u00e9 melhor plantar sempre um vaso s\u00f3 de girass\u00f3is, visto que eles possuem algumas toxinas que podem matar outras plantas, at\u00e9 mesmo grama\u201d, relata o paisagista Joab Cabral.<\/p>\n\n\n\n<p><strong>PLANTIO<\/strong><\/p>\n\n\n\n<p>Para o plantio, recomenda-se abrir um buraco na terra com 2,5 cm de profundidade, segundo Iedes. No caso de plantar v\u00e1rias mudas, o espa\u00e7o entre elas varia de 25 cm a 50 cm. J\u00e1 o solo deve ser mantido \u00famido pelos per\u00edodos de germina\u00e7\u00e3o, que dura cerca de 10 dias.<\/p>\n\n\n\n<p>Acerca da melhor \u00e9poca para plantar, os paisagistas destacam ser o ver\u00e3o, sendo que, da germina\u00e7\u00e3o \u00e0 flora, costuma-se levar de 50 dias a tr\u00eas meses, conforme a esp\u00e9cie.<\/p>\n\n\n\n<figure class=\"wp-block-image size-large\"><img loading=\"lazy\" width=\"620\" height=\"455\" src=\"http:\/\/www.proma.com.br\/blog\/wp-content\/uploads\/2022\/04\/7.jpg\" alt=\"\" class=\"wp-image-8084\" srcset=\"https:\/\/www.proma.com.br\/blog\/wp-content\/uploads\/2022\/04\/7.jpg 620w, https:\/\/www.proma.com.br\/blog\/wp-content\/uploads\/2022\/04\/7-409x300.jpg 409w\" sizes=\"(max-width: 620px) 100vw, 620px\" \/><figcaption>Existem entre 67 e 70 esp\u00e9cies de girassois, incluindo com outras colora\u00e7\u00f5es, como vermelho, branco e laranja (Foto: Pixabay \/ Filio \/ CreativeCommons)<\/figcaption><\/figure>\n\n\n\n<p><strong>CUIDADOS GERAIS<\/strong><\/p>\n\n\n\n<p>O girassol n\u00e3o \u00e9 uma planta complicada para cultivar. Sua principal exig\u00eancia, como n\u00e3o poderia deixar de ser, \u00e9 o sol! \u201cO girassol precisa de seis horas di\u00e1rias de sol, no m\u00ednimo\u201d, alerta Joab. Ele explica ainda que a rega deve ser feita durante todo o per\u00edodo de crescimento e de germina\u00e7\u00e3o, al\u00e9m de 20 dias antes e depois da flora\u00e7\u00e3o.<\/p>\n\n\n\n<p>Iedes acrescenta ser importante tamb\u00e9m regar a planta quando a terra estiver seca, o que pode ser verificado colocando os dedos no solo: se sa\u00edrem limpos, \u00e9 hora da rega!<\/p>\n\n\n\n<p>Sobre a poda, esta deve ser feita com uma tesoura de jardinagem bem afiada, retirando as folhas velhas e cortando o caule principal quando a flor murchar. \u201cEsse corte deve ser limpo e transversal, um pouco acima da metade do caule. Isso permite que a planta permane\u00e7a saud\u00e1vel\u201d, finaliza Iedes.<\/p>\n\n\n\n<p>Conta pra gente: voc\u00ea vai ter um girassol dentro ou fora de casa?<\/p>\n\n\n\n<p><strong>Fonte: <\/strong>Casa e Jardim<\/p>\n\n\n\n<p><strong>________<\/strong><\/p>\n\n\n\n<p><strong>LEIA TAMB\u00c9M:<\/strong><\/p>\n\n\n\n<p><\/p>\n\n\n\n<figure class=\"wp-block-embed is-type-wp-embed is-provider-proma wp-block-embed-proma\"><div class=\"wp-block-embed__wrapper\">\n<blockquote class=\"wp-embedded-content\" data-secret=\"fTZrPTE7iY\"><a href=\"http:\/\/www.proma.com.br\/blog\/quais-plantas-podem-ser-colocadas-no-quarto-do-bebe\/\">QUAIS PLANTAS PODEM SER COLOCADAS NO QUARTO DO BEB\u00ca?<\/a><\/blockquote><iframe class=\"wp-embedded-content\" sandbox=\"allow-scripts\" security=\"restricted\" style=\"position: absolute; clip: rect(1px, 1px, 1px, 1px);\" title=\"&#8220;QUAIS PLANTAS PODEM SER COLOCADAS NO QUARTO DO BEB\u00ca?&#8221; &#8212; Proma\" src=\"http:\/\/www.proma.com.br\/blog\/quais-plantas-podem-ser-colocadas-no-quarto-do-bebe\/embed\/#?secret=fTZrPTE7iY\" data-secret=\"fTZrPTE7iY\" width=\"584\" height=\"329\" frameborder=\"0\" marginwidth=\"0\" marginheight=\"0\" scrolling=\"no\"><\/iframe>\n<\/div><\/figure>\n\n\n\n<p><\/p>\n\n\n\n<figure class=\"wp-block-embed is-type-wp-embed is-provider-proma wp-block-embed-proma\"><div class=\"wp-block-embed__wrapper\">\n<blockquote class=\"wp-embedded-content\" data-secret=\"TVKpD9H83a\"><a href=\"http:\/\/www.proma.com.br\/blog\/mito-ou-verdade-a-borra-do-cafe-faz-bem-para-as-plantas\/\">MITO OU VERDADE: A BORRA DO CAF\u00c9 FAZ BEM PARA AS PLANTAS?<\/a><\/blockquote><iframe class=\"wp-embedded-content\" sandbox=\"allow-scripts\" security=\"restricted\" style=\"position: absolute; clip: rect(1px, 1px, 1px, 1px);\" title=\"&#8220;MITO OU VERDADE: A BORRA DO CAF\u00c9 FAZ BEM PARA AS PLANTAS?&#8221; &#8212; Proma\" src=\"http:\/\/www.proma.com.br\/blog\/mito-ou-verdade-a-borra-do-cafe-faz-bem-para-as-plantas\/embed\/#?secret=TVKpD9H83a\" data-secret=\"TVKpD9H83a\" width=\"584\" height=\"329\" frameborder=\"0\" marginwidth=\"0\" marginheight=\"0\" scrolling=\"no\"><\/iframe>\n<\/div><\/figure>\n\n\n\n<p><\/p>\n","protected":false},"excerpt":{"rendered":"<p>Conhecida por ser uma planta heliotr\u00f3pica, ou seja, cujo caule gira para posicionar a flor na dire\u00e7\u00e3o do sol, o girassol costuma encantar. Famosa pelas flores amarelas, contudo, a planta guarda alguns segredos, como o fato de ter aproximadamente 70&hellip;<\/p>\n","protected":false},"author":3,"featured_media":8083,"comment_status":"open","ping_status":"closed","sticky":false,"template":"","format":"standard","meta":[],"categories":[1],"tags":[2905,3309,3310],"_links":{"self":[{"href":"https:\/\/www.proma.com.br\/blog\/wp-json\/wp\/v2\/posts\/8082"}],"collection":[{"href":"https:\/\/www.proma.com.br\/blog\/wp-json\/wp\/v2\/posts"}],"about":[{"href":"https:\/\/www.proma.com.br\/blog\/wp-json\/wp\/v2\/types\/post"}],"author":[{"embeddable":true,"href":"https:\/\/www.proma.com.br\/blog\/wp-json\/wp\/v2\/users\/3"}],"replies":[{"embeddable":true,"href":"https:\/\/www.proma.com.br\/blog\/wp-json\/wp\/v2\/comments?post=8082"}],"version-history":[{"count":3,"href":"https:\/\/www.proma.com.br\/blog\/wp-json\/wp\/v2\/posts\/8082\/revisions"}],"predecessor-version":[{"id":8087,"href":"https:\/\/www.proma.com.br\/blog\/wp-json\/wp\/v2\/posts\/8082\/revisions\/8087"}],"wp:featuredmedia":[{"embeddable":true,"href":"https:\/\/www.proma.com.br\/blog\/wp-json\/wp\/v2\/media\/8083"}],"wp:attachment":[{"href":"https:\/\/www.proma.com.br\/blog\/wp-json\/wp\/v2\/media?parent=8082"}],"wp:term":[{"taxonomy":"category","embeddable":true,"href":"https:\/\/www.proma.com.br\/blog\/wp-json\/wp\/v2\/categories?post=8082"},{"taxonomy":"post_tag","embeddable":true,"href":"https:\/\/www.proma.com.br\/blog\/wp-json\/wp\/v2\/tags?post=8082"}],"curies":[{"name":"wp","href":"https:\/\/api.w.org\/{rel}","templated":true}]}}