{"id":8088,"date":"2022-05-03T14:54:00","date_gmt":"2022-05-03T17:54:00","guid":{"rendered":"http:\/\/www.proma.com.br\/blog\/?p=8088"},"modified":"2022-04-29T15:01:55","modified_gmt":"2022-04-29T18:01:55","slug":"quais-sao-os-pros-e-os-contras-de-morar-em-uma-cobertura","status":"publish","type":"post","link":"https:\/\/www.proma.com.br\/blog\/quais-sao-os-pros-e-os-contras-de-morar-em-uma-cobertura\/","title":{"rendered":"QUAIS S\u00c3O OS PR\u00d3S E OS CONTRAS DE MORAR EM UMA COBERTURA?"},"content":{"rendered":"\n<p><\/p>\n\n\n\n<p><em>Voc\u00ea tem o sonho de morar em uma cobertura?<\/em><\/p>\n\n\n\n<p>Para ajudar voc\u00ea nesse processo de decis\u00e3o, n\u00f3s apresentamos os pr\u00f3s e os contras. Vamos l\u00e1? Acompanhe e fa\u00e7a a sua escolha!<\/p>\n\n\n\n<figure class=\"wp-block-image size-large\"><img loading=\"lazy\" width=\"1024\" height=\"576\" src=\"http:\/\/www.proma.com.br\/blog\/wp-content\/uploads\/2022\/04\/thumbnail_image0-1024x576.jpg\" alt=\"\" class=\"wp-image-8089\" srcset=\"https:\/\/www.proma.com.br\/blog\/wp-content\/uploads\/2022\/04\/thumbnail_image0-1024x576.jpg 1024w, https:\/\/www.proma.com.br\/blog\/wp-content\/uploads\/2022\/04\/thumbnail_image0-960x540.jpg 960w, https:\/\/www.proma.com.br\/blog\/wp-content\/uploads\/2022\/04\/thumbnail_image0-768x432.jpg 768w, https:\/\/www.proma.com.br\/blog\/wp-content\/uploads\/2022\/04\/thumbnail_image0-500x281.jpg 500w, https:\/\/www.proma.com.br\/blog\/wp-content\/uploads\/2022\/04\/thumbnail_image0.jpg 1280w\" sizes=\"(max-width: 1024px) 100vw, 1024px\" \/><\/figure>\n\n\n\n<p><strong>PR\u00d3S<\/strong><\/p>\n\n\n\n<p><strong>Tranquilidade<\/strong><\/p>\n\n\n\n<p>A parte boa de morar em uma cobertura est\u00e1 justamente na possibilidade de viver em um local mais tranquilo \u2014 longe dos inc\u00f4modos sonoros causados por terceiros. Desse modo, o espa\u00e7o se torna um verdadeiro ref\u00fagio para quem deseja mais tranquilidade, especialmente porque, acima do seu apartamento, haver\u00e1 somente o c\u00e9u. Demais, n\u00e9?<\/p>\n\n\n\n<p><strong>Vista privilegiada<\/strong><\/p>\n\n\n\n<p>Nada melhor do que abrir a janela do seu im\u00f3vel e se deparar com uma vista incr\u00edvel. Certamente, um cen\u00e1rio bonito sempre d\u00e1 mais \u00e2nimo para sair de casa e vencer os desafios.<\/p>\n\n\n\n<p>E esse \u00e9 mais um ponto positivo que uma cobertura proporciona. Por estar situada no topo de um empreendimento, a \u00e1rea oferece uma vista panor\u00e2mica da cidade, facilitando ainda a sua an\u00e1lise das ruas, parques, edif\u00edcios e pontos de com\u00e9rcio.<\/p>\n\n\n\n<p><strong>Planta diferenciada<\/strong><\/p>\n\n\n\n<p>Um dos grandes diferenciais das coberturas est\u00e1 em suas plantas \u2014 que geralmente s\u00e3o diferenciadas e flex\u00edveis. Normalmente, o <em>layout<\/em> desses espa\u00e7os conta com \u00e1reas amplas, varandas grandes e su\u00edtes.<\/p>\n\n\n\n<p><strong>CONTRAS<\/strong><\/p>\n\n\n\n<p><strong>Dist\u00e2ncia dos espa\u00e7os de conv\u00edvio<\/strong><\/p>\n\n\n\n<p>A primeira desvantagem de morar em cobertura est\u00e1 na dist\u00e2ncia que a unidade apresenta dos espa\u00e7os de conv\u00edvio do condom\u00ednio. Entretanto, o problema pode ser prontamente resolvido, principalmente se o empreendimento contar com diferentes op\u00e7\u00f5es de elevadores e escadas.<\/p>\n\n\n\n<p><strong>Mais caro<\/strong><\/p>\n\n\n\n<p>J\u00e1 est\u00e1 claro que a cobertura \u00e9 uma unidade diferenciada em um empreendimento. Com tantas comodidades, n\u00e3o \u00e9 de estranhar que o seu valor de mercado tamb\u00e9m seja elevado \u2014 ainda mais quando comparado aos apartamentos comuns.<\/p>\n\n\n\n<p>Assim, \u00e9 de extrema import\u00e2ncia que voc\u00ea realize um bom planejamento financeiro e somente feche o neg\u00f3cio quando sentir que, de fato, conseguir\u00e1 arcar com as despesas da propriedade.<\/p>\n\n\n\n<p>E mais: como estamos falando de uma moradia de dimens\u00f5es amplas, tamb\u00e9m \u00e9 prov\u00e1vel que os seus gastos com manuten\u00e7\u00e3o sejam maiores ao longo do tempo, exigindo sempre uma reserva financeira.<\/p>\n\n\n\n<p>Ap\u00f3s conferir todas essas informa\u00e7\u00f5es, voc\u00ea j\u00e1 entendeu quais s\u00e3o os pontos positivos \u2014 e negativos \u2014 ao morar em uma cobertura?<\/p>\n\n\n\n<p><strong>Fonte: <\/strong>Cyrela<\/p>\n\n\n\n<p><strong>________<\/strong><\/p>\n\n\n\n<p><strong>LEIA TAMB\u00c9M:<\/strong><\/p>\n\n\n\n<p><\/p>\n\n\n\n<figure class=\"wp-block-embed is-type-wp-embed is-provider-proma wp-block-embed-proma\"><div class=\"wp-block-embed__wrapper\">\n<blockquote class=\"wp-embedded-content\" data-secret=\"hAWBccEofw\"><a href=\"http:\/\/www.proma.com.br\/blog\/arquitetura-sustentavel-o-que-e-e-como-fazer\/\">ARQUITETURA SUSTENT\u00c1VEL: O QUE \u00c9 E COMO FAZER?<\/a><\/blockquote><iframe class=\"wp-embedded-content\" sandbox=\"allow-scripts\" security=\"restricted\" style=\"position: absolute; clip: rect(1px, 1px, 1px, 1px);\" title=\"&#8220;ARQUITETURA SUSTENT\u00c1VEL: O QUE \u00c9 E COMO FAZER?&#8221; &#8212; Proma\" src=\"http:\/\/www.proma.com.br\/blog\/arquitetura-sustentavel-o-que-e-e-como-fazer\/embed\/#?secret=hAWBccEofw\" data-secret=\"hAWBccEofw\" width=\"584\" height=\"329\" frameborder=\"0\" marginwidth=\"0\" marginheight=\"0\" scrolling=\"no\"><\/iframe>\n<\/div><\/figure>\n\n\n\n<p><\/p>\n\n\n\n<figure class=\"wp-block-embed is-type-wp-embed is-provider-proma wp-block-embed-proma\"><div class=\"wp-block-embed__wrapper\">\n<blockquote class=\"wp-embedded-content\" data-secret=\"GE3XAlCZXp\"><a href=\"http:\/\/www.proma.com.br\/blog\/arquitetura-a-alma-do-empreendimento-esta-dentro-do-escritorio-da-proma\/\">Arquitetura: a alma do empreendimento est\u00e1 dentro do escrit\u00f3rio da Proma<\/a><\/blockquote><iframe class=\"wp-embedded-content\" sandbox=\"allow-scripts\" security=\"restricted\" style=\"position: absolute; clip: rect(1px, 1px, 1px, 1px);\" title=\"&#8220;Arquitetura: a alma do empreendimento est\u00e1 dentro do escrit\u00f3rio da Proma&#8221; &#8212; Proma\" src=\"http:\/\/www.proma.com.br\/blog\/arquitetura-a-alma-do-empreendimento-esta-dentro-do-escritorio-da-proma\/embed\/#?secret=GE3XAlCZXp\" data-secret=\"GE3XAlCZXp\" width=\"584\" height=\"329\" frameborder=\"0\" marginwidth=\"0\" marginheight=\"0\" scrolling=\"no\"><\/iframe>\n<\/div><\/figure>\n","protected":false},"excerpt":{"rendered":"<p>Voc\u00ea tem o sonho de morar em uma cobertura? Para ajudar voc\u00ea nesse processo de decis\u00e3o, n\u00f3s apresentamos os pr\u00f3s e os contras. Vamos l\u00e1? Acompanhe e fa\u00e7a a sua escolha! PR\u00d3S Tranquilidade A parte boa de morar em uma&hellip;<\/p>\n","protected":false},"author":3,"featured_media":8089,"comment_status":"open","ping_status":"closed","sticky":false,"template":"","format":"standard","meta":[],"categories":[1145,5],"tags":[2482,235,2280],"_links":{"self":[{"href":"https:\/\/www.proma.com.br\/blog\/wp-json\/wp\/v2\/posts\/8088"}],"collection":[{"href":"https:\/\/www.proma.com.br\/blog\/wp-json\/wp\/v2\/posts"}],"about":[{"href":"https:\/\/www.proma.com.br\/blog\/wp-json\/wp\/v2\/types\/post"}],"author":[{"embeddable":true,"href":"https:\/\/www.proma.com.br\/blog\/wp-json\/wp\/v2\/users\/3"}],"replies":[{"embeddable":true,"href":"https:\/\/www.proma.com.br\/blog\/wp-json\/wp\/v2\/comments?post=8088"}],"version-history":[{"count":2,"href":"https:\/\/www.proma.com.br\/blog\/wp-json\/wp\/v2\/posts\/8088\/revisions"}],"predecessor-version":[{"id":8091,"href":"https:\/\/www.proma.com.br\/blog\/wp-json\/wp\/v2\/posts\/8088\/revisions\/8091"}],"wp:featuredmedia":[{"embeddable":true,"href":"https:\/\/www.proma.com.br\/blog\/wp-json\/wp\/v2\/media\/8089"}],"wp:attachment":[{"href":"https:\/\/www.proma.com.br\/blog\/wp-json\/wp\/v2\/media?parent=8088"}],"wp:term":[{"taxonomy":"category","embeddable":true,"href":"https:\/\/www.proma.com.br\/blog\/wp-json\/wp\/v2\/categories?post=8088"},{"taxonomy":"post_tag","embeddable":true,"href":"https:\/\/www.proma.com.br\/blog\/wp-json\/wp\/v2\/tags?post=8088"}],"curies":[{"name":"wp","href":"https:\/\/api.w.org\/{rel}","templated":true}]}}