{"id":8171,"date":"2022-10-18T16:09:00","date_gmt":"2022-10-18T19:09:00","guid":{"rendered":"http:\/\/www.proma.com.br\/blog\/?p=8171"},"modified":"2022-09-05T16:23:40","modified_gmt":"2022-09-05T19:23:40","slug":"quais-sao-os-melhores-materiais-e-formatos-de-tampo-para-a-mesa-de-jantar","status":"publish","type":"post","link":"https:\/\/www.proma.com.br\/blog\/quais-sao-os-melhores-materiais-e-formatos-de-tampo-para-a-mesa-de-jantar\/","title":{"rendered":"QUAIS S\u00c3O OS MELHORES MATERIAIS E FORMATOS DE TAMPO PARA A MESA DE JANTAR?"},"content":{"rendered":"\n<p>Um detalhe que muitas vezes passa despercebido no projeto da sala, mas que faz toda a diferen\u00e7a no resultado, \u00e9 o tampo para a mesa de jantar. Ele influencia diretamente no estilo da decora\u00e7\u00e3o. Voc\u00ea j\u00e1 tinha parado para pensar nisso?<\/p>\n\n\n\n<p><strong>COMO ESCOLHER O TAMPO DA MESA?<\/strong><strong><\/strong><\/p>\n\n\n\n<p>Para come\u00e7ar, anote os seguintes t\u00f3picos:<\/p>\n\n\n\n<ul><li>Estilo da decora\u00e7\u00e3o.<\/li><li>Resist\u00eancia e durabilidade.<\/li><li>Medidas do espa\u00e7o (\u00e9 importante para definir o melhor tamanho e formato).<\/li><\/ul>\n\n\n\n<p>Com essas informa\u00e7\u00f5es fica muito mais f\u00e1cil escolher o material e o formato do tampo para a mesa de jantar.<\/p>\n\n\n\n<p><strong>MELHORES MATERIAIS<\/strong><strong><\/strong><\/p>\n\n\n\n<p>Por ser uma das protagonistas da decora\u00e7\u00e3o, \u00e9 extremamente importante escolher um material para a mesa de jantar que seja adequado ao estilo decorativo do seu ambiente. Portanto, se voc\u00ea quer uma sala r\u00fastica, invista nos tampos de madeira. J\u00e1 para uma sala luxuosa, o tampo de m\u00e1rmore ser\u00e1 a melhor op\u00e7\u00e3o.<\/p>\n\n\n\n<p>Al\u00e9m do estilo, vale a pena considerar a resist\u00eancia e a praticidade de higieniza\u00e7\u00e3o \u2013 afinal de contas, quanto mais f\u00e1cil de limpar depois das refei\u00e7\u00f5es, melhor!<\/p>\n\n\n\n<p><strong>Tampo de madeira <\/strong><strong><\/strong><\/p>\n\n\n\n<figure class=\"wp-block-image size-large\"><img loading=\"lazy\" width=\"1024\" height=\"682\" src=\"http:\/\/www.proma.com.br\/blog\/wp-content\/uploads\/2022\/09\/06-1024x682.jpg\" alt=\"\" class=\"wp-image-8172\" srcset=\"https:\/\/www.proma.com.br\/blog\/wp-content\/uploads\/2022\/09\/06-1024x682.jpg 1024w, https:\/\/www.proma.com.br\/blog\/wp-content\/uploads\/2022\/09\/06-960x640.jpg 960w, https:\/\/www.proma.com.br\/blog\/wp-content\/uploads\/2022\/09\/06-768x512.jpg 768w, https:\/\/www.proma.com.br\/blog\/wp-content\/uploads\/2022\/09\/06-450x300.jpg 450w, https:\/\/www.proma.com.br\/blog\/wp-content\/uploads\/2022\/09\/06.jpg 1280w\" sizes=\"(max-width: 1024px) 100vw, 1024px\" \/><\/figure>\n\n\n\n<p>A madeira \u00e9 um material resistente e vers\u00e1til porque pode ser usada em diversos projetos. Por\u00e9m, existem v\u00e1rios tipos de madeira e voc\u00ea precisa conhecer os principais para comprar o que mais se encaixa na sua necessidade:<\/p>\n\n\n\n<ul><li><strong>madeira maci\u00e7a:<\/strong> \u00e9 o tipo de madeira mais resistente que existe (tamb\u00e9m o mais caro) e que tem alta porosidade, portanto, deve estar sempre muito bem selado para evitar manchas na superf\u00edcie. Se voc\u00ea quer uma mesa para deixar na \u00e1rea externa, prefira uma de madeira maci\u00e7a.<\/li><li><strong>MDF:<\/strong> \u00e9 uma op\u00e7\u00e3o mais em conta, mas que n\u00e3o oferece a mesma resist\u00eancia que a maci\u00e7a. Geralmente, vem com uma l\u00e2mina de madeira por cima ou laca para oferecer um efeito mais duradouro e bonito.<\/li><\/ul>\n\n\n\n<p>Voc\u00ea pode usar o tampo com a cor natural da madeira ou procurar por tampos laqueados, que t\u00eam um acabamento liso e enorme variedade de cores. Se voc\u00ea gosta de uma decora\u00e7\u00e3o colorida, por exemplo, voc\u00ea pode comprar um tampo laqueado na cor verde, amarelo ou vermelho para ter uma decora\u00e7\u00e3o moderna.<\/p>\n\n\n\n<p><strong>Tampo de vidro <\/strong><strong><\/strong><\/p>\n\n\n\n<figure class=\"wp-block-image size-large\"><img loading=\"lazy\" width=\"1024\" height=\"695\" src=\"http:\/\/www.proma.com.br\/blog\/wp-content\/uploads\/2022\/09\/07-1024x695.jpg\" alt=\"\" class=\"wp-image-8173\" srcset=\"https:\/\/www.proma.com.br\/blog\/wp-content\/uploads\/2022\/09\/07-1024x695.jpg 1024w, https:\/\/www.proma.com.br\/blog\/wp-content\/uploads\/2022\/09\/07-960x652.jpg 960w, https:\/\/www.proma.com.br\/blog\/wp-content\/uploads\/2022\/09\/07-768x521.jpg 768w, https:\/\/www.proma.com.br\/blog\/wp-content\/uploads\/2022\/09\/07-442x300.jpg 442w, https:\/\/www.proma.com.br\/blog\/wp-content\/uploads\/2022\/09\/07.jpg 1280w\" sizes=\"(max-width: 1024px) 100vw, 1024px\" \/><\/figure>\n\n\n\n<p>Outra op\u00e7\u00e3o vers\u00e1til \u00e9 o de tampo de vidro. O ideal \u00e9 comprar um tampo de vidro temperado, que ser\u00e1 mais resistente a temperaturas altas. Al\u00e9m disso, caso quebre, o vidro temperado formar\u00e1 cacos arredondados \u2013 que \u00e9 muito mais seguro.<\/p>\n\n\n\n<p>Assim como a madeira, o tampo de vidro pode ser feito de outras cores al\u00e9m da cl\u00e1ssica transparente. Preto, azul, amarelo, branco\u2026 \u00c9 poss\u00edvel inovar no projeto por meio das cores vibrantes da mesa de jantar.<\/p>\n\n\n\n<p>Dica: voc\u00ea tamb\u00e9m pode optar por colocar um tampo de vidro acima do de MDF para aumentar a durabilidade e a resist\u00eancia da mesa.<\/p>\n\n\n\n<p><strong>Tampo de alum\u00ednio <\/strong><strong><\/strong><\/p>\n\n\n\n<figure class=\"wp-block-image size-large\"><img loading=\"lazy\" width=\"1024\" height=\"729\" src=\"http:\/\/www.proma.com.br\/blog\/wp-content\/uploads\/2022\/09\/08-1024x729.jpg\" alt=\"\" class=\"wp-image-8174\" srcset=\"https:\/\/www.proma.com.br\/blog\/wp-content\/uploads\/2022\/09\/08-1024x729.jpg 1024w, https:\/\/www.proma.com.br\/blog\/wp-content\/uploads\/2022\/09\/08-960x683.jpg 960w, https:\/\/www.proma.com.br\/blog\/wp-content\/uploads\/2022\/09\/08-768x547.jpg 768w, https:\/\/www.proma.com.br\/blog\/wp-content\/uploads\/2022\/09\/08-422x300.jpg 422w, https:\/\/www.proma.com.br\/blog\/wp-content\/uploads\/2022\/09\/08.jpg 1280w\" sizes=\"(max-width: 1024px) 100vw, 1024px\" \/><\/figure>\n\n\n\n<p>Com o auge do estilo industrial, o alum\u00ednio acabou ganhando destaque nos projetos atuais, fazendo com que o tampo de alum\u00ednio se tornasse uma op\u00e7\u00e3o pr\u00e1tica e muito bonita para o projeto.<\/p>\n\n\n\n<p>Por ser um material resistente, voc\u00ea poder\u00e1 usar o tampo de alum\u00ednio na \u00e1rea gourmet e na varanda, pois a chuva e o sol constante n\u00e3o estragam o material.<\/p>\n\n\n\n<p><strong>Tampo de granito ou m\u00e1rmore<\/strong><strong><\/strong><\/p>\n\n\n\n<figure class=\"wp-block-image size-large\"><img loading=\"lazy\" width=\"1024\" height=\"642\" src=\"http:\/\/www.proma.com.br\/blog\/wp-content\/uploads\/2022\/09\/09-1024x642.jpg\" alt=\"\" class=\"wp-image-8175\" srcset=\"https:\/\/www.proma.com.br\/blog\/wp-content\/uploads\/2022\/09\/09-1024x642.jpg 1024w, https:\/\/www.proma.com.br\/blog\/wp-content\/uploads\/2022\/09\/09-960x602.jpg 960w, https:\/\/www.proma.com.br\/blog\/wp-content\/uploads\/2022\/09\/09-768x481.jpg 768w, https:\/\/www.proma.com.br\/blog\/wp-content\/uploads\/2022\/09\/09-479x300.jpg 479w, https:\/\/www.proma.com.br\/blog\/wp-content\/uploads\/2022\/09\/09.jpg 1280w\" sizes=\"(max-width: 1024px) 100vw, 1024px\" \/><\/figure>\n\n\n\n<p>Por fim, temos o m\u00e1rmore e o granito, que s\u00e3o pedras naturais e super-resistentes \u2013 \u00e9 uma mesa para ter a vida toda!<\/p>\n\n\n\n<p>O m\u00e1rmore \u00e9 considerado uma pedra de luxo, pois \u00e9 caro e tem um design \u00fanico. Por\u00e9m, \u00e9 uma pedra porosa. As cores mais claras, como o branco, podem manchar em contato com l\u00edquidos escuros (molhos, caf\u00e9s, vinhos etc.).<\/p>\n\n\n\n<p>J\u00e1 o granito \u00e9 mais econ\u00f4mico, menos poroso (mesmo assim tenha aten\u00e7\u00e3o com as tonalidades claras) e de f\u00e1cil manuten\u00e7\u00e3o.<\/p>\n\n\n\n<p><strong>DICAS PARA ESCOLHER O MELHOR FORMATO <\/strong><strong><\/strong><\/p>\n\n\n\n<p>O formato da mesa de jantar influencia na decora\u00e7\u00e3o, por isso, \u00e9 preciso escolher um que valorize seu projeto.<\/p>\n\n\n\n<ul><li>Tampo redondo: a maior vantagem desse formato \u00e9 que sempre tem lugar para mais uma pessoa. \u00c9 \u00f3timo para quem tem pouco espa\u00e7o, mas gosta de receber amigos em casa.<\/li><li>Tampo quadrado: \u00e9 um formato vers\u00e1til, pois voc\u00ea pode usar em salas pequenas (com 4 lugares) para ficar no canto, encostado na parede. Mas, voc\u00ea tamb\u00e9m encontra modelos grandes, com 8 ou at\u00e9 16 lugares, para usar em salas amplas.<\/li><li>Tampo retangular: \u00e9 a mais comum de todas por conta da variedade de tamanhos e larguras. Qualquer projeto pode contar com uma mesa dessas.<\/li><li>Tampo oval: quer inovar? Ent\u00e3o invista na mesa com tampo oval. \u00c9 uma vers\u00e3o moderna da retangular, mas que ocupa mais espa\u00e7o na decora\u00e7\u00e3o.<\/li><\/ul>\n\n\n\n<p>Agora que voc\u00ea conhece os materiais e formatos de tampo para mesa de jantar, escolha o que mais combina com seu o projeto.<\/p>\n\n\n\n<p><strong>Fonte: Blog Lopes<\/strong><\/p>\n\n\n\n<p><strong>________<\/strong><\/p>\n\n\n\n<p><strong>LEIA TAMB\u00c9M:<\/strong><strong><\/strong><\/p>\n\n\n\n<p><\/p>\n\n\n\n<figure class=\"wp-block-embed is-type-wp-embed is-provider-proma wp-block-embed-proma\"><div class=\"wp-block-embed__wrapper\">\n<blockquote class=\"wp-embedded-content\" data-secret=\"ZBv0HWlLw4\"><a href=\"http:\/\/www.proma.com.br\/blog\/como-escolher-a-mesa-de-centro-para-a-sala\/\">COMO ESCOLHER A MESA DE CENTRO PARA A SALA?<\/a><\/blockquote><iframe class=\"wp-embedded-content\" sandbox=\"allow-scripts\" security=\"restricted\" style=\"position: absolute; clip: rect(1px, 1px, 1px, 1px);\" title=\"&#8220;COMO ESCOLHER A MESA DE CENTRO PARA A SALA?&#8221; &#8212; Proma\" src=\"http:\/\/www.proma.com.br\/blog\/como-escolher-a-mesa-de-centro-para-a-sala\/embed\/#?secret=ZBv0HWlLw4\" data-secret=\"ZBv0HWlLw4\" width=\"584\" height=\"329\" frameborder=\"0\" marginwidth=\"0\" marginheight=\"0\" scrolling=\"no\"><\/iframe>\n<\/div><\/figure>\n\n\n\n<p><\/p>\n\n\n\n<figure class=\"wp-block-embed is-type-wp-embed is-provider-proma wp-block-embed-proma\"><div class=\"wp-block-embed__wrapper\">\n<blockquote class=\"wp-embedded-content\" data-secret=\"PZVwEFQdYl\"><a href=\"http:\/\/www.proma.com.br\/blog\/um-a-um-mesa-de-lego-e-montada-com-mais-de-10-mil-pecas\/\">UM A UM: MESA DE LEGO \u00c9 MONTADA COM MAIS DE 10 MIL PE\u00c7AS<\/a><\/blockquote><iframe class=\"wp-embedded-content\" sandbox=\"allow-scripts\" security=\"restricted\" style=\"position: absolute; clip: rect(1px, 1px, 1px, 1px);\" title=\"&#8220;UM A UM: MESA DE LEGO \u00c9 MONTADA COM MAIS DE 10 MIL PE\u00c7AS&#8221; &#8212; Proma\" src=\"http:\/\/www.proma.com.br\/blog\/um-a-um-mesa-de-lego-e-montada-com-mais-de-10-mil-pecas\/embed\/#?secret=PZVwEFQdYl\" data-secret=\"PZVwEFQdYl\" width=\"584\" height=\"329\" frameborder=\"0\" marginwidth=\"0\" marginheight=\"0\" scrolling=\"no\"><\/iframe>\n<\/div><\/figure>\n","protected":false},"excerpt":{"rendered":"<p>Um detalhe que muitas vezes passa despercebido no projeto da sala, mas que faz toda a diferen\u00e7a no resultado, \u00e9 o tampo para a mesa de jantar. Ele influencia diretamente no estilo da decora\u00e7\u00e3o. Voc\u00ea j\u00e1 tinha parado para pensar&hellip;<\/p>\n","protected":false},"author":3,"featured_media":8173,"comment_status":"open","ping_status":"closed","sticky":false,"template":"","format":"standard","meta":[],"categories":[2,2927],"tags":[3321,2336],"_links":{"self":[{"href":"https:\/\/www.proma.com.br\/blog\/wp-json\/wp\/v2\/posts\/8171"}],"collection":[{"href":"https:\/\/www.proma.com.br\/blog\/wp-json\/wp\/v2\/posts"}],"about":[{"href":"https:\/\/www.proma.com.br\/blog\/wp-json\/wp\/v2\/types\/post"}],"author":[{"embeddable":true,"href":"https:\/\/www.proma.com.br\/blog\/wp-json\/wp\/v2\/users\/3"}],"replies":[{"embeddable":true,"href":"https:\/\/www.proma.com.br\/blog\/wp-json\/wp\/v2\/comments?post=8171"}],"version-history":[{"count":1,"href":"https:\/\/www.proma.com.br\/blog\/wp-json\/wp\/v2\/posts\/8171\/revisions"}],"predecessor-version":[{"id":8176,"href":"https:\/\/www.proma.com.br\/blog\/wp-json\/wp\/v2\/posts\/8171\/revisions\/8176"}],"wp:featuredmedia":[{"embeddable":true,"href":"https:\/\/www.proma.com.br\/blog\/wp-json\/wp\/v2\/media\/8173"}],"wp:attachment":[{"href":"https:\/\/www.proma.com.br\/blog\/wp-json\/wp\/v2\/media?parent=8171"}],"wp:term":[{"taxonomy":"category","embeddable":true,"href":"https:\/\/www.proma.com.br\/blog\/wp-json\/wp\/v2\/categories?post=8171"},{"taxonomy":"post_tag","embeddable":true,"href":"https:\/\/www.proma.com.br\/blog\/wp-json\/wp\/v2\/tags?post=8171"}],"curies":[{"name":"wp","href":"https:\/\/api.w.org\/{rel}","templated":true}]}}