{"id":8205,"date":"2022-12-13T13:28:00","date_gmt":"2022-12-13T16:28:00","guid":{"rendered":"http:\/\/www.proma.com.br\/blog\/?p=8205"},"modified":"2022-12-01T13:47:53","modified_gmt":"2022-12-01T16:47:53","slug":"o-que-nunca-te-falaram-sobre-a-iluminacao-de-uma-cozinha","status":"publish","type":"post","link":"https:\/\/www.proma.com.br\/blog\/o-que-nunca-te-falaram-sobre-a-iluminacao-de-uma-cozinha\/","title":{"rendered":"O QUE NUNCA TE FALARAM SOBRE A ILUMINA\u00c7\u00c3O DE UMA COZINHA"},"content":{"rendered":"\n<p><em>Coluna escrita pela arquiteta Nicole Gomes <\/em><em><\/em><\/p>\n\n\n\n<p>Sei que \u00e9 dif\u00edcil de imaginar, mas a cozinha j\u00e1 foi considerada uma \u00e1rea de servi\u00e7o, pouco atrativa. Historicamente falando, durante o per\u00edodo colonial no Brasil, elas ficavam afastadas das \u00e1reas sociais e \u00edntimas. Se, fisicamente, as cozinhas estavam em segundo plano, imagine a parte luminot\u00e9cnica!<\/p>\n\n\n\n<p>Com o passar dos anos e do grande BOOM tecnol\u00f3gico, esses espa\u00e7os come\u00e7aram a ganhar vez na realiza\u00e7\u00e3o do projeto, cada vez mais integrados. Nesta \u00e9poca, o espa\u00e7o j\u00e1 n\u00e3o estava mais sendo constru\u00eddo apenas para realizar refei\u00e7\u00f5es di\u00e1rias, mas, tamb\u00e9m, para promover momentos de intera\u00e7\u00e3o com membros da fam\u00edlia e amigos.<\/p>\n\n\n\n<p>Mas, o que a ilumina\u00e7\u00e3o tem a ver com isso? TUDO! \u00c9 atrav\u00e9s da luz que conseguimos deixar o ambiente mais aconchegante e visualmente integrado. Para fazer isso, a primeira atitude \u00e9 elaborar um conceito que ser\u00e1 o ponto de partida. N\u00e3o estou falando somente sobre a cor da luz, mas tamb\u00e9m do estilo de lumin\u00e1rias. Afinal, a ilumina\u00e7\u00e3o tamb\u00e9m \u00e9 respons\u00e1vel por dar aquele ar cont\u00ednuo e sem quebras ao ambiente.<\/p>\n\n\n\n<p><strong>DICAS IMPORTANTES PARA VOC\u00ca ILUMINAR E DESTACAR OS PONTOS FORTES DA SUA COZINHA:<\/strong><strong><\/strong><\/p>\n\n\n\n<figure class=\"wp-block-image size-large\"><img loading=\"lazy\" width=\"1024\" height=\"512\" src=\"http:\/\/www.proma.com.br\/blog\/wp-content\/uploads\/2022\/12\/02-1-1024x512.jpg\" alt=\"\" class=\"wp-image-8206\" srcset=\"https:\/\/www.proma.com.br\/blog\/wp-content\/uploads\/2022\/12\/02-1-1024x512.jpg 1024w, https:\/\/www.proma.com.br\/blog\/wp-content\/uploads\/2022\/12\/02-1-960x480.jpg 960w, https:\/\/www.proma.com.br\/blog\/wp-content\/uploads\/2022\/12\/02-1-768x384.jpg 768w, https:\/\/www.proma.com.br\/blog\/wp-content\/uploads\/2022\/12\/02-1-500x250.jpg 500w, https:\/\/www.proma.com.br\/blog\/wp-content\/uploads\/2022\/12\/02-1.jpg 1280w\" sizes=\"(max-width: 1024px) 100vw, 1024px\" \/><\/figure>\n\n\n\n<p><strong>LUZ CENTRAL<\/strong><strong><\/strong><\/p>\n\n\n\n<p>Se a luz central fica atr\u00e1s de voc\u00ea, ela gera sombra na bancada de trabalho. Por isso, sempre indico colocar uma ilumina\u00e7\u00e3o de apoio na bancada. A luminosidade na marcenaria ou no teto, direcionada para a bancada, \u00e9 um circuito essencial para dar suporte a essa \u00e1rea de trabalho.<\/p>\n\n\n\n<p>Voc\u00ea pode aplicar essa solu\u00e7\u00e3o de v\u00e1rias formas. A mais comum \u00e9 usando perfil de LED. Ele traz um efeito de linearidade, que ilumina a banca e destaca o revestimento. Essa op\u00e7\u00e3o pode ser embutida na marcenaria ou sobreposta, caso voc\u00ea j\u00e1 tenha tudo pronto.<\/p>\n\n\n\n<p>A segunda forma \u00e9 uma lumin\u00e1ria de clip. Ela possui uma garra que permite fix\u00e1-la e direcionar o foco de luz para onde quiser.\u202f Outra op\u00e7\u00e3o \u00e9 usar uma pe\u00e7a embutida ou de sobrepor no teto para direcionar a luz para o espa\u00e7o.<\/p>\n\n\n\n<p><strong>TEMPERATURA DA COR<\/strong><strong><\/strong><\/p>\n\n\n\n<p>O tempo passou, mas alguns mitos ainda permaneceram. Voc\u00ea j\u00e1 ouviu falar que cozinha precisa de tonalidade fria? Ser\u00e1 que realmente precisa? Responda-me algumas perguntas: a pessoa que mora ali \u00e9 cozinheira ou trabalha vendendo bolos para fora? Seu local de trabalho \u00e9 aquele ambiente? Se a resposta for n\u00e3o, a tonalidade n\u00e3o precisa ser fria.<\/p>\n\n\n\n<p>Temperatura de cor est\u00e1 ligada \u00e0 percep\u00e7\u00e3o do ambiente e das sensa\u00e7\u00f5es. A luz quente (amarela) traz um ar de acolhimento e aconchego, j\u00e1 a fria (branca) promove um ar mais g\u00e9lido, instigando o nosso corpo a ter mais foco e aten\u00e7\u00e3o.<\/p>\n\n\n\n<p>Qual sensa\u00e7\u00e3o voc\u00ea quer para a sua cozinha? Meu conselho \u00e9 sempre usar a mesma tonalidade de cor em todos os ambientes da casa, sendo os c\u00f4modos integrados ou n\u00e3o. Dessa forma, \u00e9 poss\u00edvel promover mais unidade ao projeto. Caso voc\u00ea tenha demanda de uma luz neutra para trabalho, fa\u00e7a um circuito separado.<\/p>\n\n\n\n<p>Sei que parece ser dif\u00edcil, mas entender o conceito e as necessidades de cada cliente, leva a solu\u00e7\u00f5es totalmente fora dos padr\u00f5es. Al\u00e9m de eliminar as tradicionais placas de LED, voc\u00ea come\u00e7a a se perguntar onde e como a luz auxiliaria no dia a dia. Para a ilumina\u00e7\u00e3o geral, por exemplo, voc\u00ea pode colocar trilho embutido, spots de sobrepor ou perfil de LED linear. As possibilidades n\u00e3o param por a\u00ed!<\/p>\n\n\n\n<p><strong>PENDENTES<\/strong><strong><\/strong><\/p>\n\n\n\n<p>Ap\u00f3s todas essas dicas, voc\u00ea deve estar se perguntando: mas e o pendente? Bom, ele pode ou n\u00e3o existir na sua cozinha. Com o passar dos anos, os pendentes foram substitu\u00eddos por pequenas lumin\u00e1rias.<\/p>\n\n\n\n<p>Caso deseje inclu\u00ed-lo no projeto, minha dica \u00e9 ficar atento as dimens\u00f5es do pendente: 1\/3 da propor\u00e7\u00e3o da mesa. A altura da instala\u00e7\u00e3o tamb\u00e9m \u00e9 essencial para a harmonia, sendo aconselhado uma dist\u00e2ncia de 70 a 90 cm da superf\u00edcie a ser iluminada. A lumin\u00e1ria n\u00e3o precisa necessariamente ter a mesma forma que a mesa. Se essa for retangular, use um pendente redondo, por exemplo.<\/p>\n\n\n\n<p>Essas dicas com certeza deixar\u00e3o a sua cozinha ainda mais iluminada e aconchegante. Gostou?<\/p>\n\n\n\n<p><strong>Fonte: <\/strong>Casa e Jardim<\/p>\n\n\n\n<p><strong>________<\/strong><strong><\/strong><\/p>\n\n\n\n<p><strong>LEIA TAMB\u00c9M:<\/strong><strong><\/strong><\/p>\n\n\n\n<p><strong>ILUMINA\u00c7\u00c3O NATURAL ABUNDANTE COM AS CLARABOIAS. CLIQUE AQUI E SAIBA MAIS.<\/strong><\/p>\n\n\n\n<figure class=\"wp-block-embed is-type-wp-embed is-provider-proma wp-block-embed-proma\"><div class=\"wp-block-embed__wrapper\">\n<blockquote class=\"wp-embedded-content\" data-secret=\"jqaKg8dwn6\"><a href=\"http:\/\/www.proma.com.br\/blog\/iluminacao-natural-abundante-com-as-claraboias\/\">ILUMINA\u00c7\u00c3O NATURAL ABUNDANTE COM AS CLARABOIAS<\/a><\/blockquote><iframe class=\"wp-embedded-content\" sandbox=\"allow-scripts\" security=\"restricted\" style=\"position: absolute; clip: rect(1px, 1px, 1px, 1px);\" title=\"&#8220;ILUMINA\u00c7\u00c3O NATURAL ABUNDANTE COM AS CLARABOIAS&#8221; &#8212; Proma\" src=\"http:\/\/www.proma.com.br\/blog\/iluminacao-natural-abundante-com-as-claraboias\/embed\/#?secret=jqaKg8dwn6\" data-secret=\"jqaKg8dwn6\" width=\"584\" height=\"329\" frameborder=\"0\" marginwidth=\"0\" marginheight=\"0\" scrolling=\"no\"><\/iframe>\n<\/div><\/figure>\n\n\n\n<p><strong>PROJETOS QUE INSPIRAM: A ILUMINA\u00c7\u00c3O COMO DESTAQUE EM UM APARTAMENTO. CLIQUE AQUI E SAIBA MAIS.<\/strong><strong><\/strong><\/p>\n\n\n\n<figure class=\"wp-block-embed is-type-wp-embed is-provider-proma wp-block-embed-proma\"><div class=\"wp-block-embed__wrapper\">\n<blockquote class=\"wp-embedded-content\" data-secret=\"lE63K4kKMf\"><a href=\"http:\/\/www.proma.com.br\/blog\/projetos-que-inspiram-a-iluminacao-como-destaque-em-um-apartamento\/\">PROJETOS QUE INSPIRAM: A ILUMINA\u00c7\u00c3O COMO DESTAQUE EM UM APARTAMENTO<\/a><\/blockquote><iframe class=\"wp-embedded-content\" sandbox=\"allow-scripts\" security=\"restricted\" style=\"position: absolute; clip: rect(1px, 1px, 1px, 1px);\" title=\"&#8220;PROJETOS QUE INSPIRAM: A ILUMINA\u00c7\u00c3O COMO DESTAQUE EM UM APARTAMENTO&#8221; &#8212; Proma\" src=\"http:\/\/www.proma.com.br\/blog\/projetos-que-inspiram-a-iluminacao-como-destaque-em-um-apartamento\/embed\/#?secret=lE63K4kKMf\" data-secret=\"lE63K4kKMf\" width=\"584\" height=\"329\" frameborder=\"0\" marginwidth=\"0\" marginheight=\"0\" scrolling=\"no\"><\/iframe>\n<\/div><\/figure>\n","protected":false},"excerpt":{"rendered":"<p>Coluna escrita pela arquiteta Nicole Gomes Sei que \u00e9 dif\u00edcil de imaginar, mas a cozinha j\u00e1 foi considerada uma \u00e1rea de servi\u00e7o, pouco atrativa. Historicamente falando, durante o per\u00edodo colonial no Brasil, elas ficavam afastadas das \u00e1reas sociais e \u00edntimas.&hellip;<\/p>\n","protected":false},"author":3,"featured_media":8206,"comment_status":"open","ping_status":"closed","sticky":false,"template":"","format":"standard","meta":[],"categories":[1,2,2927],"tags":[],"_links":{"self":[{"href":"https:\/\/www.proma.com.br\/blog\/wp-json\/wp\/v2\/posts\/8205"}],"collection":[{"href":"https:\/\/www.proma.com.br\/blog\/wp-json\/wp\/v2\/posts"}],"about":[{"href":"https:\/\/www.proma.com.br\/blog\/wp-json\/wp\/v2\/types\/post"}],"author":[{"embeddable":true,"href":"https:\/\/www.proma.com.br\/blog\/wp-json\/wp\/v2\/users\/3"}],"replies":[{"embeddable":true,"href":"https:\/\/www.proma.com.br\/blog\/wp-json\/wp\/v2\/comments?post=8205"}],"version-history":[{"count":1,"href":"https:\/\/www.proma.com.br\/blog\/wp-json\/wp\/v2\/posts\/8205\/revisions"}],"predecessor-version":[{"id":8207,"href":"https:\/\/www.proma.com.br\/blog\/wp-json\/wp\/v2\/posts\/8205\/revisions\/8207"}],"wp:featuredmedia":[{"embeddable":true,"href":"https:\/\/www.proma.com.br\/blog\/wp-json\/wp\/v2\/media\/8206"}],"wp:attachment":[{"href":"https:\/\/www.proma.com.br\/blog\/wp-json\/wp\/v2\/media?parent=8205"}],"wp:term":[{"taxonomy":"category","embeddable":true,"href":"https:\/\/www.proma.com.br\/blog\/wp-json\/wp\/v2\/categories?post=8205"},{"taxonomy":"post_tag","embeddable":true,"href":"https:\/\/www.proma.com.br\/blog\/wp-json\/wp\/v2\/tags?post=8205"}],"curies":[{"name":"wp","href":"https:\/\/api.w.org\/{rel}","templated":true}]}}