{"id":8282,"date":"2023-05-16T08:30:00","date_gmt":"2023-05-16T11:30:00","guid":{"rendered":"http:\/\/www.proma.com.br\/blog\/?p=8282"},"modified":"2023-05-04T07:31:33","modified_gmt":"2023-05-04T10:31:33","slug":"5-dicas-para-manter-o-equilibrio-mesmo-diante-da-correria-do-dia-a-dia","status":"publish","type":"post","link":"https:\/\/www.proma.com.br\/blog\/5-dicas-para-manter-o-equilibrio-mesmo-diante-da-correria-do-dia-a-dia\/","title":{"rendered":"5 DICAS PARA MANTER O EQUIL\u00cdBRIO MESMO DIANTE DA CORRERIA DO DIA A DIA"},"content":{"rendered":"\n<p>O dia a dia pode ser muito corrido e desafiador, com tarefas e compromissos que exigem muito de n\u00f3s. Muitas vezes, acabamos nos sentindo sobrecarregados e perdendo o equil\u00edbrio emocional e f\u00edsico.<\/p>\n\n\n\n<p>Neste post, separamos 5 dicas para ajudar a manter o equil\u00edbrio.<\/p>\n\n\n\n<figure class=\"wp-block-image size-large\"><img loading=\"lazy\" width=\"1024\" height=\"683\" src=\"http:\/\/www.proma.com.br\/blog\/wp-content\/uploads\/2023\/05\/03-1024x683.jpg\" alt=\"\" class=\"wp-image-8283\" srcset=\"https:\/\/www.proma.com.br\/blog\/wp-content\/uploads\/2023\/05\/03-1024x683.jpg 1024w, https:\/\/www.proma.com.br\/blog\/wp-content\/uploads\/2023\/05\/03-960x640.jpg 960w, https:\/\/www.proma.com.br\/blog\/wp-content\/uploads\/2023\/05\/03-768x512.jpg 768w, https:\/\/www.proma.com.br\/blog\/wp-content\/uploads\/2023\/05\/03-1536x1024.jpg 1536w, https:\/\/www.proma.com.br\/blog\/wp-content\/uploads\/2023\/05\/03-2048x1365.jpg 2048w, https:\/\/www.proma.com.br\/blog\/wp-content\/uploads\/2023\/05\/03-450x300.jpg 450w\" sizes=\"(max-width: 1024px) 100vw, 1024px\" \/><\/figure>\n\n\n\n<p><strong>PRIORIZE O SONO<\/strong><\/p>\n\n\n\n<p>Dormir bem \u00e9 fundamental para manter o equil\u00edbrio emocional e f\u00edsico. Tente estabelecer uma rotina de sono regular, com pelo menos 7 horas de sono por noite. Evite o uso de dispositivos eletr\u00f4nicos antes de dormir e mantenha o ambiente do quarto confort\u00e1vel e escuro.<\/p>\n\n\n\n<p><strong>PRATIQUE EXERC\u00cdCIOS F\u00cdSICOS<\/strong><\/p>\n\n\n\n<p>A pr\u00e1tica regular de exerc\u00edcios f\u00edsicos \u00e9 uma das melhores formas de manter o equil\u00edbrio emocional e f\u00edsico. Escolha uma atividade que goste e se encaixe na sua rotina, como caminhada, corrida, ioga ou muscula\u00e7\u00e3o. Al\u00e9m de melhorar a sa\u00fade f\u00edsica, os exerc\u00edcios ajudam a reduzir o estresse e a ansiedade.<\/p>\n\n\n\n<p><strong>ALIMENTE-SE DE FORMA SAUD\u00c1VEL<\/strong><\/p>\n\n\n\n<p>Uma alimenta\u00e7\u00e3o saud\u00e1vel \u00e9 fundamental para manter o equil\u00edbrio do corpo e da mente. Priorize alimentos naturais e frescos, como frutas, verduras, legumes e prote\u00ednas magras. Evite alimentos processados, ricos em a\u00e7\u00facar e gordura, que podem causar desequil\u00edbrios emocionais e f\u00edsicos.<\/p>\n\n\n\n<p><strong>DEDIQUE TEMPO PARA ATIVIDADES PRAZEROSAS<\/strong><\/p>\n\n\n\n<p>Dedique um tempo para atividades que lhe deem prazer e ajudem a relaxar. Pode ser ler um livro, assistir a um filme, praticar um hobby ou simplesmente ficar com a fam\u00edlia e amigos. Essas atividades ajudam a reduzir o estresse e a ansiedade e a manter o equil\u00edbrio emocional.<\/p>\n\n\n\n<p><strong>TENHA MOMENTOS DE PAUSA DURANTE O DIA<\/strong><\/p>\n\n\n\n<p>Mesmo em um dia corrido, \u00e9 importante tirar momentos de pausa para descansar e relaxar. Reserve alguns minutos para meditar, respirar profundamente ou simplesmente fechar os olhos e descansar. Esses momentos de pausa ajudam a reduzir a ansiedade e a manter o equil\u00edbrio emocional.<\/p>\n\n\n\n<p>Manter o equil\u00edbrio emocional e f\u00edsico \u00e9 essencial para uma vida saud\u00e1vel e feliz.<\/p>\n\n\n\n<p>O que voc\u00ea faz para manter o equil\u00edbrio?<\/p>\n\n\n\n<p><strong>________<\/strong><\/p>\n\n\n\n<p><strong>LEIA TAMB\u00c9M:<\/strong><\/p>\n\n\n\n<p><strong>ROTINA E PRODUTIVIDADE: 7 MANEIRAS DE COME\u00c7AR O DIA BEM. <a href=\"https:\/\/www.proma.com.br\/blog\/rotina-e-produtividade-7-maneiras-de-comecar-o-dia-bem\/\" data-type=\"URL\" data-id=\"https:\/\/www.proma.com.br\/blog\/rotina-e-produtividade-7-maneiras-de-comecar-o-dia-bem\/\">CLIQUE AQUI<\/a> E SAIBA MAIS.<\/strong><\/p>\n\n\n\n<p><strong>A IMPORT\u00c2NCIA DA ATIVIDADE F\u00cdSICA PARA A DOEN\u00c7A DE PARKINSON. <a href=\"https:\/\/www.proma.com.br\/blog\/a-importancia-da-atividade-fisica-para-a-doenca-de-parkinson\/\" data-type=\"URL\" data-id=\"https:\/\/www.proma.com.br\/blog\/a-importancia-da-atividade-fisica-para-a-doenca-de-parkinson\/\">CLIQUE AQUI<\/a> E SAIBA MAIS.<\/strong><\/p>\n","protected":false},"excerpt":{"rendered":"<p>O dia a dia pode ser muito corrido e desafiador, com tarefas e compromissos que exigem muito de n\u00f3s. Muitas vezes, acabamos nos sentindo sobrecarregados e perdendo o equil\u00edbrio emocional e f\u00edsico. Neste post, separamos 5 dicas para ajudar a&hellip;<\/p>\n","protected":false},"author":3,"featured_media":8283,"comment_status":"open","ping_status":"closed","sticky":false,"template":"","format":"standard","meta":[],"categories":[2927,1142,1146,1147],"tags":[],"_links":{"self":[{"href":"https:\/\/www.proma.com.br\/blog\/wp-json\/wp\/v2\/posts\/8282"}],"collection":[{"href":"https:\/\/www.proma.com.br\/blog\/wp-json\/wp\/v2\/posts"}],"about":[{"href":"https:\/\/www.proma.com.br\/blog\/wp-json\/wp\/v2\/types\/post"}],"author":[{"embeddable":true,"href":"https:\/\/www.proma.com.br\/blog\/wp-json\/wp\/v2\/users\/3"}],"replies":[{"embeddable":true,"href":"https:\/\/www.proma.com.br\/blog\/wp-json\/wp\/v2\/comments?post=8282"}],"version-history":[{"count":1,"href":"https:\/\/www.proma.com.br\/blog\/wp-json\/wp\/v2\/posts\/8282\/revisions"}],"predecessor-version":[{"id":8284,"href":"https:\/\/www.proma.com.br\/blog\/wp-json\/wp\/v2\/posts\/8282\/revisions\/8284"}],"wp:featuredmedia":[{"embeddable":true,"href":"https:\/\/www.proma.com.br\/blog\/wp-json\/wp\/v2\/media\/8283"}],"wp:attachment":[{"href":"https:\/\/www.proma.com.br\/blog\/wp-json\/wp\/v2\/media?parent=8282"}],"wp:term":[{"taxonomy":"category","embeddable":true,"href":"https:\/\/www.proma.com.br\/blog\/wp-json\/wp\/v2\/categories?post=8282"},{"taxonomy":"post_tag","embeddable":true,"href":"https:\/\/www.proma.com.br\/blog\/wp-json\/wp\/v2\/tags?post=8282"}],"curies":[{"name":"wp","href":"https:\/\/api.w.org\/{rel}","templated":true}]}}