{"id":8300,"date":"2023-06-13T08:43:00","date_gmt":"2023-06-13T11:43:00","guid":{"rendered":"http:\/\/www.proma.com.br\/blog\/?p=8300"},"modified":"2023-07-13T09:01:11","modified_gmt":"2023-07-13T12:01:11","slug":"projeto-de-interiores-em-apartamentos-como-criar-ambientes-elegantes-confortaveis-e-sofisticados","status":"publish","type":"post","link":"https:\/\/www.proma.com.br\/blog\/projeto-de-interiores-em-apartamentos-como-criar-ambientes-elegantes-confortaveis-e-sofisticados\/","title":{"rendered":"PROJETO DE INTERIORES EM APARTAMENTOS: COMO CRIAR AMBIENTES ELEGANTES, CONFORT\u00c1VEIS E SOFISTICADOS"},"content":{"rendered":"\n<p>Um projeto de interiores bem elaborado pode transformar um apartamento em um espa\u00e7o \u00fanico e encantador. A combina\u00e7\u00e3o de elementos de design, cores, mobili\u00e1rio e ilumina\u00e7\u00e3o cria ambientes elegantes, confort\u00e1veis e sofisticados.<\/p>\n\n\n\n<p>Confira dicas valiosas para um projeto de interiores que reflita seu estilo pessoal e torne seu apartamento um lugar verdadeiramente especial.<\/p>\n\n\n\n<p><strong>DEFINA SEU ESTILO<\/strong><strong><\/strong><\/p>\n\n\n\n<p>Antes de come\u00e7ar o projeto de interiores, \u00e9 importante definir o estilo que voc\u00ea deseja transmitir em seu apartamento. Pesquise refer\u00eancias, explore revistas, sites e redes sociais para encontrar inspira\u00e7\u00e3o.<\/p>\n\n\n\n<p>Pode ser um estilo cl\u00e1ssico, contempor\u00e2neo, minimalista, industrial ou qualquer outro que combine com sua personalidade. Ter uma vis\u00e3o clara do estilo desejado ajudar\u00e1 a orientar todas as escolhas de design.<\/p>\n\n\n\n<p><strong>PLANEJAMENTO DO LAYOUT<\/strong><strong><\/strong><\/p>\n\n\n\n<p>O layout adequado \u00e9 essencial para criar ambientes funcionais e harmoniosos. Considere a distribui\u00e7\u00e3o dos c\u00f4modos, a circula\u00e7\u00e3o de pessoas, a entrada de luz natural e a disposi\u00e7\u00e3o dos m\u00f3veis. Otimize o espa\u00e7o dispon\u00edvel, criando \u00e1reas de conviv\u00eancia bem definidas e equilibradas.<\/p>\n\n\n\n<figure class=\"wp-block-image size-large\"><a href=\"https:\/\/proma.com.br\/empreendimentos\/residencial-vidalia\"><img loading=\"lazy\" width=\"1024\" height=\"576\" src=\"http:\/\/www.proma.com.br\/blog\/wp-content\/uploads\/2023\/07\/02_VIDALIA-APTO-LATERAL-02-1024x576.jpg\" alt=\"\" class=\"wp-image-8303\" srcset=\"https:\/\/www.proma.com.br\/blog\/wp-content\/uploads\/2023\/07\/02_VIDALIA-APTO-LATERAL-02-1024x576.jpg 1024w, https:\/\/www.proma.com.br\/blog\/wp-content\/uploads\/2023\/07\/02_VIDALIA-APTO-LATERAL-02-960x540.jpg 960w, https:\/\/www.proma.com.br\/blog\/wp-content\/uploads\/2023\/07\/02_VIDALIA-APTO-LATERAL-02-768x432.jpg 768w, https:\/\/www.proma.com.br\/blog\/wp-content\/uploads\/2023\/07\/02_VIDALIA-APTO-LATERAL-02-1536x864.jpg 1536w, https:\/\/www.proma.com.br\/blog\/wp-content\/uploads\/2023\/07\/02_VIDALIA-APTO-LATERAL-02-2048x1152.jpg 2048w, https:\/\/www.proma.com.br\/blog\/wp-content\/uploads\/2023\/07\/02_VIDALIA-APTO-LATERAL-02-500x281.jpg 500w\" sizes=\"(max-width: 1024px) 100vw, 1024px\" \/><\/a><\/figure>\n\n\n\n<p><strong>CORES E TEXTURAS<\/strong><strong><\/strong><\/p>\n\n\n\n<p>As cores e texturas t\u00eam um papel significativo na cria\u00e7\u00e3o de ambientes elegantes e sofisticados. Escolha uma paleta de cores que transmita a atmosfera desejada, como tons neutros, suaves e elegantes, ou cores vibrantes e ousadas para um estilo mais contempor\u00e2neo. Use texturas em tecidos, revestimentos de parede e m\u00f3veis para adicionar interesse visual e criar uma sensa\u00e7\u00e3o de conforto.<\/p>\n\n\n\n<p><strong>MOBILI\u00c1RIO E DECORA\u00c7\u00c3O<\/strong><strong><\/strong><\/p>\n\n\n\n<p>Selecione m\u00f3veis que sejam funcionais, confort\u00e1veis e esteticamente agrad\u00e1veis. Opte por pe\u00e7as de qualidade, com design atemporal e materiais dur\u00e1veis. A propor\u00e7\u00e3o e escala dos m\u00f3veis tamb\u00e9m s\u00e3o importantes para garantir um equil\u00edbrio visual no ambiente.<\/p>\n\n\n\n<p>Al\u00e9m disso, adicione elementos decorativos, como quadros, espelhos, tapetes e objetos de arte, para adicionar personalidade e sofistica\u00e7\u00e3o aos espa\u00e7os.<\/p>\n\n\n\n<p><strong>ILUMINA\u00c7\u00c3O ADEQUADA<\/strong><strong><\/strong><\/p>\n\n\n\n<p>A ilumina\u00e7\u00e3o desempenha um papel fundamental na cria\u00e7\u00e3o de ambientes aconchegantes e elegantes. Utilize uma combina\u00e7\u00e3o de luz natural e ilumina\u00e7\u00e3o artificial, com diferentes tipos de lumin\u00e1rias, como lustres, pendentes, spots e arandelas. Considere tamb\u00e9m o uso de ilumina\u00e7\u00e3o indireta para criar uma atmosfera acolhedora.<\/p>\n\n\n\n<p>Lembre-se de que a ilumina\u00e7\u00e3o deve ser funcional e flex\u00edvel, permitindo ajustes de intensidade conforme a necessidade.<\/p>\n\n\n\n<p>Um projeto de interiores bem planejado pode transformar um apartamento em um espa\u00e7o elegante, confort\u00e1vel e sofisticado.<\/p>\n\n\n\n<figure class=\"wp-block-image size-large\"><a href=\"https:\/\/proma.com.br\/empreendimentos\/residencial-vidalia\"><img loading=\"lazy\" width=\"1024\" height=\"445\" src=\"http:\/\/www.proma.com.br\/blog\/wp-content\/uploads\/2023\/07\/VIDALIA_SALAO-DE-FESTAS-02-1024x445.jpg\" alt=\"\" class=\"wp-image-8304\" srcset=\"https:\/\/www.proma.com.br\/blog\/wp-content\/uploads\/2023\/07\/VIDALIA_SALAO-DE-FESTAS-02-1024x445.jpg 1024w, https:\/\/www.proma.com.br\/blog\/wp-content\/uploads\/2023\/07\/VIDALIA_SALAO-DE-FESTAS-02-960x417.jpg 960w, https:\/\/www.proma.com.br\/blog\/wp-content\/uploads\/2023\/07\/VIDALIA_SALAO-DE-FESTAS-02-768x333.jpg 768w, https:\/\/www.proma.com.br\/blog\/wp-content\/uploads\/2023\/07\/VIDALIA_SALAO-DE-FESTAS-02-1536x667.jpg 1536w, https:\/\/www.proma.com.br\/blog\/wp-content\/uploads\/2023\/07\/VIDALIA_SALAO-DE-FESTAS-02-2048x889.jpg 2048w, https:\/\/www.proma.com.br\/blog\/wp-content\/uploads\/2023\/07\/VIDALIA_SALAO-DE-FESTAS-02-500x217.jpg 500w\" sizes=\"(max-width: 1024px) 100vw, 1024px\" \/><\/a><\/figure>\n\n\n\n<p><strong>Gostou dessas dicas?<\/strong><\/p>\n\n\n\n<p><strong>________<\/strong><\/p>\n\n\n\n<p><strong>LEIA TAMB\u00c9M:<\/strong><\/p>\n\n\n\n<figure class=\"wp-block-embed is-type-wp-embed is-provider-proma wp-block-embed-proma\"><div class=\"wp-block-embed__wrapper\">\n<blockquote class=\"wp-embedded-content\" data-secret=\"YtnpwsKkfD\"><a href=\"http:\/\/www.proma.com.br\/blog\/5-dicas-para-manter-o-equilibrio-mesmo-diante-da-correria-do-dia-a-dia\/\">5 DICAS PARA MANTER O EQUIL\u00cdBRIO MESMO DIANTE DA CORRERIA DO DIA A DIA<\/a><\/blockquote><iframe class=\"wp-embedded-content\" sandbox=\"allow-scripts\" security=\"restricted\" style=\"position: absolute; clip: rect(1px, 1px, 1px, 1px);\" title=\"&#8220;5 DICAS PARA MANTER O EQUIL\u00cdBRIO MESMO DIANTE DA CORRERIA DO DIA A DIA&#8221; &#8212; Proma\" src=\"http:\/\/www.proma.com.br\/blog\/5-dicas-para-manter-o-equilibrio-mesmo-diante-da-correria-do-dia-a-dia\/embed\/#?secret=YtnpwsKkfD\" data-secret=\"YtnpwsKkfD\" width=\"584\" height=\"329\" frameborder=\"0\" marginwidth=\"0\" marginheight=\"0\" scrolling=\"no\"><\/iframe>\n<\/div><\/figure>\n\n\n\n<figure class=\"wp-block-embed is-type-wp-embed is-provider-proma wp-block-embed-proma\"><div class=\"wp-block-embed__wrapper\">\n<blockquote class=\"wp-embedded-content\" data-secret=\"S4Cl3sTpuz\"><a href=\"http:\/\/www.proma.com.br\/blog\/fique-por-dentro-das-tendencias-mais-recentes-em-termos-de-paleta-de-cores-e-estilos-de-decoracao\/\">FIQUE POR DENTRO DAS TEND\u00caNCIAS MAIS RECENTES EM TERMOS DE PALETA DE CORES E ESTILOS DE DECORA\u00c7\u00c3O<\/a><\/blockquote><iframe class=\"wp-embedded-content\" sandbox=\"allow-scripts\" security=\"restricted\" style=\"position: absolute; clip: rect(1px, 1px, 1px, 1px);\" title=\"&#8220;FIQUE POR DENTRO DAS TEND\u00caNCIAS MAIS RECENTES EM TERMOS DE PALETA DE CORES E ESTILOS DE DECORA\u00c7\u00c3O&#8221; &#8212; Proma\" src=\"http:\/\/www.proma.com.br\/blog\/fique-por-dentro-das-tendencias-mais-recentes-em-termos-de-paleta-de-cores-e-estilos-de-decoracao\/embed\/#?secret=S4Cl3sTpuz\" data-secret=\"S4Cl3sTpuz\" width=\"584\" height=\"329\" frameborder=\"0\" marginwidth=\"0\" marginheight=\"0\" scrolling=\"no\"><\/iframe>\n<\/div><\/figure>\n","protected":false},"excerpt":{"rendered":"<p>Um projeto de interiores bem elaborado pode transformar um apartamento em um espa\u00e7o \u00fanico e encantador. A combina\u00e7\u00e3o de elementos de design, cores, mobili\u00e1rio e ilumina\u00e7\u00e3o cria ambientes elegantes, confort\u00e1veis e sofisticados. Confira dicas valiosas para um projeto de interiores&hellip;<\/p>\n","protected":false},"author":3,"featured_media":8302,"comment_status":"open","ping_status":"closed","sticky":false,"template":"","format":"standard","meta":[],"categories":[1,1141,2,2927,1144,1145,1146,5,6],"tags":[3361,3355,3354,3356,2534,3368,265,286,371,3353,2281,3367,3359,440,3357,3366,555,3352,3364,1822,3362,3360,2315,3365,3363,2261,3369,3358],"_links":{"self":[{"href":"https:\/\/www.proma.com.br\/blog\/wp-json\/wp\/v2\/posts\/8300"}],"collection":[{"href":"https:\/\/www.proma.com.br\/blog\/wp-json\/wp\/v2\/posts"}],"about":[{"href":"https:\/\/www.proma.com.br\/blog\/wp-json\/wp\/v2\/types\/post"}],"author":[{"embeddable":true,"href":"https:\/\/www.proma.com.br\/blog\/wp-json\/wp\/v2\/users\/3"}],"replies":[{"embeddable":true,"href":"https:\/\/www.proma.com.br\/blog\/wp-json\/wp\/v2\/comments?post=8300"}],"version-history":[{"count":2,"href":"https:\/\/www.proma.com.br\/blog\/wp-json\/wp\/v2\/posts\/8300\/revisions"}],"predecessor-version":[{"id":8306,"href":"https:\/\/www.proma.com.br\/blog\/wp-json\/wp\/v2\/posts\/8300\/revisions\/8306"}],"wp:featuredmedia":[{"embeddable":true,"href":"https:\/\/www.proma.com.br\/blog\/wp-json\/wp\/v2\/media\/8302"}],"wp:attachment":[{"href":"https:\/\/www.proma.com.br\/blog\/wp-json\/wp\/v2\/media?parent=8300"}],"wp:term":[{"taxonomy":"category","embeddable":true,"href":"https:\/\/www.proma.com.br\/blog\/wp-json\/wp\/v2\/categories?post=8300"},{"taxonomy":"post_tag","embeddable":true,"href":"https:\/\/www.proma.com.br\/blog\/wp-json\/wp\/v2\/tags?post=8300"}],"curies":[{"name":"wp","href":"https:\/\/api.w.org\/{rel}","templated":true}]}}