{"id":8338,"date":"2023-07-25T09:29:54","date_gmt":"2023-07-25T12:29:54","guid":{"rendered":"http:\/\/www.proma.com.br\/blog\/?p=8338"},"modified":"2023-07-25T09:29:54","modified_gmt":"2023-07-25T12:29:54","slug":"organizacao-inteligente-como-otimizar-os-espacos-e-tornar-seu-lar-mais-funcional","status":"publish","type":"post","link":"https:\/\/www.proma.com.br\/blog\/organizacao-inteligente-como-otimizar-os-espacos-e-tornar-seu-lar-mais-funcional\/","title":{"rendered":"ORGANIZA\u00c7\u00c3O INTELIGENTE: COMO OTIMIZAR OS ESPA\u00c7OS E TORNAR SEU LAR MAIS FUNCIONAL"},"content":{"rendered":"\n<p>Manter um lar organizado n\u00e3o apenas torna o ambiente mais agrad\u00e1vel visualmente, mas tamb\u00e9m melhora a funcionalidade e a praticidade do espa\u00e7o.<\/p>\n\n\n\n<p>Como voc\u00ea pode aproveitar ao m\u00e1ximo cada cantinho do seu lar?<\/p>\n\n\n\n<p>Confira como manter tudo em ordem de forma eficiente.<\/p>\n\n\n\n<p><strong>AVALIE E PLANEJE<\/strong><strong><\/strong><\/p>\n\n\n\n<ul><li>Fa\u00e7a uma an\u00e1lise das necessidades de organiza\u00e7\u00e3o em cada ambiente de sua casa.<\/li><li>Planeje o layout dos m\u00f3veis de forma estrat\u00e9gica, considerando o fluxo de movimento e a funcionalidade de cada espa\u00e7o.<\/li><\/ul>\n\n\n\n<p><strong>APROVEITE OS ESPA\u00c7OS VERTICAIS<\/strong><strong><\/strong><\/p>\n\n\n\n<ul><li>Utilize prateleiras, nichos e estantes para aproveitar as paredes e liberar espa\u00e7o no ch\u00e3o.<\/li><li>Invista em m\u00f3veis com op\u00e7\u00f5es de armazenamento vertical, como estantes com gavetas ou camas com gavet\u00f5es embutidos.<\/li><\/ul>\n\n\n\n<figure class=\"wp-block-image size-large\"><img loading=\"lazy\" width=\"1024\" height=\"683\" src=\"http:\/\/www.proma.com.br\/blog\/wp-content\/uploads\/2023\/07\/m1-1024x683.jpg\" alt=\"\" class=\"wp-image-8340\" srcset=\"https:\/\/www.proma.com.br\/blog\/wp-content\/uploads\/2023\/07\/m1-1024x683.jpg 1024w, https:\/\/www.proma.com.br\/blog\/wp-content\/uploads\/2023\/07\/m1-960x640.jpg 960w, https:\/\/www.proma.com.br\/blog\/wp-content\/uploads\/2023\/07\/m1-768x512.jpg 768w, https:\/\/www.proma.com.br\/blog\/wp-content\/uploads\/2023\/07\/m1-450x300.jpg 450w, https:\/\/www.proma.com.br\/blog\/wp-content\/uploads\/2023\/07\/m1.jpg 1500w\" sizes=\"(max-width: 1024px) 100vw, 1024px\" \/><\/figure>\n\n\n\n<p><strong>UTILIZE CAIXAS E CESTOS ORGANIZADORES<\/strong><strong><\/strong><\/p>\n\n\n\n<ul><li>Armazene itens semelhantes em caixas transparentes ou etiquetadas para facilitar a identifica\u00e7\u00e3o.<\/li><li>Use cestos organizadores para agrupar objetos menores, como brinquedos, produtos de limpeza ou acess\u00f3rios.<\/li><\/ul>\n\n\n\n<figure class=\"wp-block-image size-large\"><img loading=\"lazy\" width=\"1024\" height=\"803\" src=\"http:\/\/www.proma.com.br\/blog\/wp-content\/uploads\/2023\/07\/m2-1024x803.jpg\" alt=\"\" class=\"wp-image-8341\" srcset=\"https:\/\/www.proma.com.br\/blog\/wp-content\/uploads\/2023\/07\/m2-1024x803.jpg 1024w, https:\/\/www.proma.com.br\/blog\/wp-content\/uploads\/2023\/07\/m2-960x753.jpg 960w, https:\/\/www.proma.com.br\/blog\/wp-content\/uploads\/2023\/07\/m2-768x603.jpg 768w, https:\/\/www.proma.com.br\/blog\/wp-content\/uploads\/2023\/07\/m2-382x300.jpg 382w, https:\/\/www.proma.com.br\/blog\/wp-content\/uploads\/2023\/07\/m2.jpg 1500w\" sizes=\"(max-width: 1024px) 100vw, 1024px\" \/><\/figure>\n\n\n\n<p><strong>MAXIMIZE O ESPA\u00c7O DE ARMAZENAMENTO<\/strong><strong><\/strong><\/p>\n\n\n\n<ul><li>Utilize organizadores de talheres e divis\u00f3rias em gavetas da cozinha para manter os utens\u00edlios organizados.<\/li><li>Aproveite espa\u00e7os n\u00e3o utilizados, como a parte interna das portas de arm\u00e1rios, para pendurar ganchos e organizar itens pequenos.<\/li><\/ul>\n\n\n\n<p><strong>CRIE \u00c1REAS MULTIFUNCIONAIS<\/strong><strong><\/strong><\/p>\n\n\n\n<ul><li>Transforme um canto subutilizado em um escrit\u00f3rio compacto, combinando uma escrivaninha com prateleiras ou nichos.<\/li><li>Use m\u00f3veis com dupla fun\u00e7\u00e3o, como um sof\u00e1-cama ou uma mesa de jantar que se converte em uma mesa de pingue-pongue.<\/li><\/ul>\n\n\n\n<p><strong>MANTENHA UMA ROTINA DE ORGANIZA\u00c7\u00c3O<\/strong><strong><\/strong><\/p>\n\n\n\n<ul><li>Reserve um tempo regularmente para organizar e arrumar cada ambiente da casa.<\/li><li>Desenvolva o h\u00e1bito de guardar itens imediatamente ap\u00f3s o uso para evitar a desordem.<\/li><\/ul>\n\n\n\n<figure class=\"wp-block-image size-large\"><img loading=\"lazy\" width=\"1024\" height=\"683\" src=\"http:\/\/www.proma.com.br\/blog\/wp-content\/uploads\/2023\/07\/m3-1024x683.jpg\" alt=\"\" class=\"wp-image-8342\" srcset=\"https:\/\/www.proma.com.br\/blog\/wp-content\/uploads\/2023\/07\/m3-1024x683.jpg 1024w, https:\/\/www.proma.com.br\/blog\/wp-content\/uploads\/2023\/07\/m3-960x640.jpg 960w, https:\/\/www.proma.com.br\/blog\/wp-content\/uploads\/2023\/07\/m3-768x512.jpg 768w, https:\/\/www.proma.com.br\/blog\/wp-content\/uploads\/2023\/07\/m3-450x300.jpg 450w, https:\/\/www.proma.com.br\/blog\/wp-content\/uploads\/2023\/07\/m3.jpg 1500w\" sizes=\"(max-width: 1024px) 100vw, 1024px\" \/><\/figure>\n\n\n\n<p><strong>UTILIZE SOLU\u00c7\u00d5ES INTELIGENTES<\/strong><strong><\/strong><\/p>\n\n\n\n<ul><li>Instale prateleiras deslizantes em arm\u00e1rios para facilitar o acesso a itens guardados no fundo.<\/li><li>Utilize divis\u00f3rias de gavetas ajust\u00e1veis para otimizar o espa\u00e7o e organizar roupas, acess\u00f3rios e objetos menores.<\/li><\/ul>\n\n\n\n<p>A organiza\u00e7\u00e3o inteligente \u00e9 a chave para otimizar espa\u00e7os e tornar seu lar mais funcional.<\/p>\n\n\n\n<p>Ao aplicar essas dicas, voc\u00ea poder\u00e1 aproveitar ao m\u00e1ximo cada canto de sua casa, mantendo-a arrumada e facilitando sua rotina di\u00e1ria. Lembre-se de adaptar essas sugest\u00f5es \u00e0s suas necessidades e ao seu estilo de vida.<\/p>\n\n\n\n<p>Organiza\u00e7\u00e3o n\u00e3o precisa ser uma tarefa \u00e1rdua, mas sim um processo cont\u00ednuo que trar\u00e1 mais praticidade e bem-estar para voc\u00ea e sua fam\u00edlia.<\/p>\n\n\n\n<p><strong>________<\/strong><strong><\/strong><\/p>\n\n\n\n<p><strong>LEIA TAMB\u00c9M:<\/strong><\/p>\n\n\n\n<figure class=\"wp-block-embed is-type-wp-embed is-provider-proma wp-block-embed-proma\"><div class=\"wp-block-embed__wrapper\">\n<blockquote class=\"wp-embedded-content\" data-secret=\"lGBkdAN0ok\"><a href=\"http:\/\/www.proma.com.br\/blog\/5-dicas-de-organizacao-para-o-guarda-roupa\/\">5 DICAS DE ORGANIZA\u00c7\u00c3O PARA O GUARDA-ROUPA<\/a><\/blockquote><iframe class=\"wp-embedded-content\" sandbox=\"allow-scripts\" security=\"restricted\" style=\"position: absolute; clip: rect(1px, 1px, 1px, 1px);\" title=\"&#8220;5 DICAS DE ORGANIZA\u00c7\u00c3O PARA O GUARDA-ROUPA&#8221; &#8212; Proma\" src=\"http:\/\/www.proma.com.br\/blog\/5-dicas-de-organizacao-para-o-guarda-roupa\/embed\/#?secret=lGBkdAN0ok\" data-secret=\"lGBkdAN0ok\" width=\"584\" height=\"329\" frameborder=\"0\" marginwidth=\"0\" marginheight=\"0\" scrolling=\"no\"><\/iframe>\n<\/div><\/figure>\n\n\n\n<figure class=\"wp-block-embed is-type-wp-embed is-provider-proma wp-block-embed-proma\"><div class=\"wp-block-embed__wrapper\">\n<blockquote class=\"wp-embedded-content\" data-secret=\"AkhT7sJ6eW\"><a href=\"http:\/\/www.proma.com.br\/blog\/guia-de-organizacao-como-higienizar-e-arrumar-a-lavanderia\/\">GUIA DE ORGANIZA\u00c7\u00c3O: COMO HIGIENIZAR E ARRUMAR A LAVANDERIA<\/a><\/blockquote><iframe class=\"wp-embedded-content\" sandbox=\"allow-scripts\" security=\"restricted\" style=\"position: absolute; clip: rect(1px, 1px, 1px, 1px);\" title=\"&#8220;GUIA DE ORGANIZA\u00c7\u00c3O: COMO HIGIENIZAR E ARRUMAR A LAVANDERIA&#8221; &#8212; Proma\" src=\"http:\/\/www.proma.com.br\/blog\/guia-de-organizacao-como-higienizar-e-arrumar-a-lavanderia\/embed\/#?secret=AkhT7sJ6eW\" data-secret=\"AkhT7sJ6eW\" width=\"584\" height=\"329\" frameborder=\"0\" marginwidth=\"0\" marginheight=\"0\" scrolling=\"no\"><\/iframe>\n<\/div><\/figure>\n","protected":false},"excerpt":{"rendered":"<p>Manter um lar organizado n\u00e3o apenas torna o ambiente mais agrad\u00e1vel visualmente, mas tamb\u00e9m melhora a funcionalidade e a praticidade do espa\u00e7o. Como voc\u00ea pode aproveitar ao m\u00e1ximo cada cantinho do seu lar? Confira como manter tudo em ordem de&hellip;<\/p>\n","protected":false},"author":3,"featured_media":8343,"comment_status":"open","ping_status":"closed","sticky":false,"template":"","format":"standard","meta":[],"categories":[2927,1142,2879,1146],"tags":[3455,3305,3065,3449,3450,3441,3458,2336,2597,431,3453,3446,2901,3457,3452,2337,3461,3466,2894,1823,3462,1862,3454,3456,3464,3463,3465,1871,3451,3444,3447,3448,3360,880,3459,3467,3460,3443,3442],"_links":{"self":[{"href":"https:\/\/www.proma.com.br\/blog\/wp-json\/wp\/v2\/posts\/8338"}],"collection":[{"href":"https:\/\/www.proma.com.br\/blog\/wp-json\/wp\/v2\/posts"}],"about":[{"href":"https:\/\/www.proma.com.br\/blog\/wp-json\/wp\/v2\/types\/post"}],"author":[{"embeddable":true,"href":"https:\/\/www.proma.com.br\/blog\/wp-json\/wp\/v2\/users\/3"}],"replies":[{"embeddable":true,"href":"https:\/\/www.proma.com.br\/blog\/wp-json\/wp\/v2\/comments?post=8338"}],"version-history":[{"count":1,"href":"https:\/\/www.proma.com.br\/blog\/wp-json\/wp\/v2\/posts\/8338\/revisions"}],"predecessor-version":[{"id":8344,"href":"https:\/\/www.proma.com.br\/blog\/wp-json\/wp\/v2\/posts\/8338\/revisions\/8344"}],"wp:featuredmedia":[{"embeddable":true,"href":"https:\/\/www.proma.com.br\/blog\/wp-json\/wp\/v2\/media\/8343"}],"wp:attachment":[{"href":"https:\/\/www.proma.com.br\/blog\/wp-json\/wp\/v2\/media?parent=8338"}],"wp:term":[{"taxonomy":"category","embeddable":true,"href":"https:\/\/www.proma.com.br\/blog\/wp-json\/wp\/v2\/categories?post=8338"},{"taxonomy":"post_tag","embeddable":true,"href":"https:\/\/www.proma.com.br\/blog\/wp-json\/wp\/v2\/tags?post=8338"}],"curies":[{"name":"wp","href":"https:\/\/api.w.org\/{rel}","templated":true}]}}