{"id":8345,"date":"2023-07-25T11:54:17","date_gmt":"2023-07-25T14:54:17","guid":{"rendered":"http:\/\/www.proma.com.br\/blog\/?p=8345"},"modified":"2023-07-25T11:56:36","modified_gmt":"2023-07-25T14:56:36","slug":"proma-e-presenca-confirmada-na-feira-casa-sc-em-blumenau","status":"publish","type":"post","link":"https:\/\/www.proma.com.br\/blog\/proma-e-presenca-confirmada-na-feira-casa-sc-em-blumenau\/","title":{"rendered":"PROMA \u00c9 PRESEN\u00c7A CONFIRMADA NA FEIRA CASA SC, EM BLUMENAU"},"content":{"rendered":"\n<p>Voc\u00ea quer transformar o seu lar? Melhor ainda: voc\u00ea quer transformar o seu lar com economia?<\/p>\n\n\n\n<p>M\u00f3veis sob medida, lumin\u00e1rias, cortinas, estofados e decora\u00e7\u00e3o \u2013 uma variedade incr\u00edvel de produtos, com at\u00e9 60% de desconto, estar\u00e3o \u00e0 sua disposi\u00e7\u00e3o na <strong>Feira Casa SC<\/strong>.<\/p>\n\n\n\n<p>O evento acontecer\u00e1 entre os dias <strong>27 a 30 de julho<\/strong>, no Parque Vila Germ\u00e2nica, em <strong>Blumenau<\/strong>.<\/p>\n\n\n\n<figure class=\"wp-block-image size-large\"><a href=\"https:\/\/www.sympla.com.br\/evento\/feira-casa-sc-blumenau\/2046241\" target=\"_blank\" rel=\"noopener\"><img loading=\"lazy\" width=\"1024\" height=\"683\" src=\"http:\/\/www.proma.com.br\/blog\/wp-content\/uploads\/2023\/07\/MOVEIS-SC-2022-311-1024x683.jpg\" alt=\"\" class=\"wp-image-8349\" srcset=\"https:\/\/www.proma.com.br\/blog\/wp-content\/uploads\/2023\/07\/MOVEIS-SC-2022-311-1024x683.jpg 1024w, https:\/\/www.proma.com.br\/blog\/wp-content\/uploads\/2023\/07\/MOVEIS-SC-2022-311-960x640.jpg 960w, https:\/\/www.proma.com.br\/blog\/wp-content\/uploads\/2023\/07\/MOVEIS-SC-2022-311-768x512.jpg 768w, https:\/\/www.proma.com.br\/blog\/wp-content\/uploads\/2023\/07\/MOVEIS-SC-2022-311-1536x1024.jpg 1536w, https:\/\/www.proma.com.br\/blog\/wp-content\/uploads\/2023\/07\/MOVEIS-SC-2022-311-2048x1365.jpg 2048w, https:\/\/www.proma.com.br\/blog\/wp-content\/uploads\/2023\/07\/MOVEIS-SC-2022-311-450x300.jpg 450w\" sizes=\"(max-width: 1024px) 100vw, 1024px\" \/><\/a><\/figure>\n\n\n\n<p><strong>A PROMA E O BLUE WAVES<\/strong><\/p>\n\n\n\n<p>A Feira Casa SC tamb\u00e9m \u00e9 uma oportunidade incr\u00edvel para voc\u00ea conhecer os lan\u00e7amentos de im\u00f3veis.<\/p>\n\n\n\n<p>A Proma estar\u00e1 \u00e0 sua disposi\u00e7\u00e3o para apresentar o <strong>Blue Waves Residences<\/strong>: um empreendimento \u00fanico e diferenciado \u2013 em cada detalhe.<\/p>\n\n\n\n<p>Localizado em uma das regi\u00f5es mais nobres de Pi\u00e7arras, o Blue Waves Residences encanta \u2013 pelo terreno de 2.300 m2, pela proximidade com a praia, pelo padr\u00e3o de acabamento e pela completa \u00e1rea de lazer.<\/p>\n\n\n\n<p>Nos vemos l\u00e1?<\/p>\n\n\n\n<p>___________________<\/p>\n\n\n\n<p><strong>FEIRA CASA SC |<\/strong> 27 a 30 de julho<\/p>\n\n\n\n<p><strong>Hor\u00e1rios:<\/strong><\/p>\n\n\n\n<ul><li>27\/07 | 18h \u00e0s 22h<\/li><li>28\/07 | 18h \u00e0s 22h<\/li><li>29\/07 | 10h \u00e0s 22h<\/li><li>30\/07 | 10h \u00e0s 19h<\/li><\/ul>\n\n\n\n<p><a rel=\"noreferrer noopener\" href=\"https:\/\/www.sympla.com.br\/evento\/feira-casa-sc-blumenau\/2046241\" data-type=\"URL\" data-id=\"https:\/\/www.sympla.com.br\/evento\/feira-casa-sc-blumenau\/2046241\" target=\"_blank\">Clique aqui para garantir o seu ingresso.<\/a><\/p>\n\n\n\n<div class=\"wp-block-image\"><figure class=\"aligncenter size-large is-resized\"><a href=\"https:\/\/www.sympla.com.br\/evento\/feira-casa-sc-blumenau\/2046241\" target=\"_blank\" rel=\"noopener\"><img loading=\"lazy\" src=\"http:\/\/www.proma.com.br\/blog\/wp-content\/uploads\/2023\/07\/Visite-nosso-estande-FEED-1024x1024.png\" alt=\"\" class=\"wp-image-8348\" width=\"437\" height=\"437\" srcset=\"https:\/\/www.proma.com.br\/blog\/wp-content\/uploads\/2023\/07\/Visite-nosso-estande-FEED-1024x1024.png 1024w, https:\/\/www.proma.com.br\/blog\/wp-content\/uploads\/2023\/07\/Visite-nosso-estande-FEED-960x960.png 960w, https:\/\/www.proma.com.br\/blog\/wp-content\/uploads\/2023\/07\/Visite-nosso-estande-FEED-768x768.png 768w, https:\/\/www.proma.com.br\/blog\/wp-content\/uploads\/2023\/07\/Visite-nosso-estande-FEED-1536x1536.png 1536w, https:\/\/www.proma.com.br\/blog\/wp-content\/uploads\/2023\/07\/Visite-nosso-estande-FEED-300x300.png 300w, https:\/\/www.proma.com.br\/blog\/wp-content\/uploads\/2023\/07\/Visite-nosso-estande-FEED.png 1600w\" sizes=\"(max-width: 437px) 100vw, 437px\" \/><\/a><\/figure><\/div>\n","protected":false},"excerpt":{"rendered":"<p>Voc\u00ea quer transformar o seu lar? Melhor ainda: voc\u00ea quer transformar o seu lar com economia? M\u00f3veis sob medida, lumin\u00e1rias, cortinas, estofados e decora\u00e7\u00e3o \u2013 uma variedade incr\u00edvel de produtos, com at\u00e9 60% de desconto, estar\u00e3o \u00e0 sua disposi\u00e7\u00e3o na&hellip;<\/p>\n","protected":false},"author":3,"featured_media":8350,"comment_status":"open","ping_status":"closed","sticky":false,"template":"","format":"standard","meta":[],"categories":[3],"tags":[3481,29,31,3471,3473,3469,3468,3482,3490,3492,2741,3489,3475,3476,3483,3470,3488,3484,3485,2758,585,3491,1822,3487,3477,902,904,3478,3479,3486,3480,3474],"_links":{"self":[{"href":"https:\/\/www.proma.com.br\/blog\/wp-json\/wp\/v2\/posts\/8345"}],"collection":[{"href":"https:\/\/www.proma.com.br\/blog\/wp-json\/wp\/v2\/posts"}],"about":[{"href":"https:\/\/www.proma.com.br\/blog\/wp-json\/wp\/v2\/types\/post"}],"author":[{"embeddable":true,"href":"https:\/\/www.proma.com.br\/blog\/wp-json\/wp\/v2\/users\/3"}],"replies":[{"embeddable":true,"href":"https:\/\/www.proma.com.br\/blog\/wp-json\/wp\/v2\/comments?post=8345"}],"version-history":[{"count":8,"href":"https:\/\/www.proma.com.br\/blog\/wp-json\/wp\/v2\/posts\/8345\/revisions"}],"predecessor-version":[{"id":8356,"href":"https:\/\/www.proma.com.br\/blog\/wp-json\/wp\/v2\/posts\/8345\/revisions\/8356"}],"wp:featuredmedia":[{"embeddable":true,"href":"https:\/\/www.proma.com.br\/blog\/wp-json\/wp\/v2\/media\/8350"}],"wp:attachment":[{"href":"https:\/\/www.proma.com.br\/blog\/wp-json\/wp\/v2\/media?parent=8345"}],"wp:term":[{"taxonomy":"category","embeddable":true,"href":"https:\/\/www.proma.com.br\/blog\/wp-json\/wp\/v2\/categories?post=8345"},{"taxonomy":"post_tag","embeddable":true,"href":"https:\/\/www.proma.com.br\/blog\/wp-json\/wp\/v2\/tags?post=8345"}],"curies":[{"name":"wp","href":"https:\/\/api.w.org\/{rel}","templated":true}]}}