{"id":8396,"date":"2023-09-26T09:00:00","date_gmt":"2023-09-26T12:00:00","guid":{"rendered":"http:\/\/www.proma.com.br\/blog\/?p=8396"},"modified":"2023-10-13T15:22:21","modified_gmt":"2023-10-13T18:22:21","slug":"odores-influenciam-a-forma-como-percebemos-as-cores","status":"publish","type":"post","link":"https:\/\/www.proma.com.br\/blog\/odores-influenciam-a-forma-como-percebemos-as-cores\/","title":{"rendered":"ODORES INFLUENCIAM A FORMA COMO PERCEBEMOS AS CORES"},"content":{"rendered":"\n<figure class=\"wp-block-image size-large\"><img loading=\"lazy\" width=\"1024\" height=\"759\" src=\"http:\/\/www.proma.com.br\/blog\/wp-content\/uploads\/2023\/10\/02-1024x759.jpg\" alt=\"\" class=\"wp-image-8397\" srcset=\"https:\/\/www.proma.com.br\/blog\/wp-content\/uploads\/2023\/10\/02-1024x759.jpg 1024w, https:\/\/www.proma.com.br\/blog\/wp-content\/uploads\/2023\/10\/02-960x711.jpg 960w, https:\/\/www.proma.com.br\/blog\/wp-content\/uploads\/2023\/10\/02-768x569.jpg 768w, https:\/\/www.proma.com.br\/blog\/wp-content\/uploads\/2023\/10\/02-1536x1138.jpg 1536w, https:\/\/www.proma.com.br\/blog\/wp-content\/uploads\/2023\/10\/02-2048x1518.jpg 2048w, https:\/\/www.proma.com.br\/blog\/wp-content\/uploads\/2023\/10\/02-405x300.jpg 405w\" sizes=\"(max-width: 1024px) 100vw, 1024px\" \/><\/figure>\n\n\n\n<p>Nossos cinco sentidos nos bombardeiam com informa\u00e7\u00f5es do ambiente externo 23 horas por dia, 7 dias por semana. Uma maneira pela qual nosso c\u00e9rebro d\u00e1 sentido a essa abund\u00e2ncia de informa\u00e7\u00f5es \u00e9 combinando informa\u00e7\u00f5es de dois ou mais sentidos: cheiros e texturas, tom, cor e dimens\u00f5es musicais.<\/p>\n\n\n\n<p>Essa integra\u00e7\u00e3o sensorial tamb\u00e9m nos faz associar temperaturas mais altas a cores mais quentes, tons mais baixos a posi\u00e7\u00f5es menos elevadas e cores ao sabor de determinados alimentos \u2013 por exemplo, o sabor de laranjas com a cor de mesmo nome. Agora, um estudo publicado na revista cient\u00edfica Frontiers in Psychology mostrou que a presen\u00e7a de diferentes odores influencia a forma como os humanos percebem as cores.<\/p>\n\n\n\n<p>Em um experimento, pesquisadores da Universidade Liverpool John Moores, no Reino Unido, testaram a exist\u00eancia e a for\u00e7a das associa\u00e7\u00f5es odor-cor em 24 adultos com idade entre 20 e 57 anos. Os participantes ficaram sentados em frente a uma tela em uma sala desprovida de est\u00edmulos sensoriais indesejados. Eles n\u00e3o usavam desodorantes ou perfumes e nenhum relatou ser dalt\u00f4nico ou ter olfato prejudicado.<\/p>\n\n\n\n<p>Todos os odores ambientais foram eliminados com um purificador de ar durante quatro minutos. Em seguida, um dos seis odores escolhidos aleatoriamente entre caramelo, cereja, caf\u00e9, lim\u00e3o e hortel\u00e3-pimenta foi transmitido para a sala, com um difusor ultrass\u00f4nico, por cinco minutos. Tamb\u00e9m havia \u00e1gua inodora como controle.<\/p>\n\n\n\n<p>Ao mesmo tempo, os participantes olhavam para uma tela que mostrava um quadrado preenchido com uma cor aleat\u00f3ria (de uma faixa infinita) e foram convidados a ajustar manualmente dois controles deslizantes \u2013 um de amarelo para azul e outro de verde para vermelho \u2013 para mudar a cor que estavam observando para cinza neutro. Ap\u00f3s o registro da escolha final, o procedimento foi repetido, at\u00e9 que todos os odores fossem apresentados cinco vezes.<\/p>\n\n\n\n<p>Os resultados mostraram que os participantes tinham uma tend\u00eancia fraca, mas significativa, de ajustar um ou ambos os controles deslizantes para muito longe do cinza neutro. Por exemplo, quando apresentados ao odor do caf\u00e9, eles perceberam erroneamente que o \u201ccinza\u201d era um marrom-avermelhado, em vez de um verdadeiro cinza neutro. Da mesma forma, ao serem apresentados ao odor de caramelo, selecionaram erroneamente uma cor enriquecida em azul, como cinza.<\/p>\n\n\n\n<p>Assim, a presen\u00e7a do cheiro distorceu a percep\u00e7\u00e3o das cores dos participantes de uma forma previs\u00edvel.<\/p>\n\n\n\n<p>Uma exce\u00e7\u00e3o foi quando foi apresentado o odor de hortel\u00e3-pimenta: neste caso, a escolha da tonalidade pelos participantes foi diferente da t\u00edpica associa\u00e7\u00e3o transmodal demonstrada para os demais odores. Como esperado, a sele\u00e7\u00e3o dos participantes tamb\u00e9m correspondeu ao cinza verdadeiro quando apresentados ao aroma neutro da \u00e1gua.<\/p>\n\n\n\n<p>\u201cEsses resultados mostram que a percep\u00e7\u00e3o do cinza tendeu para as correspond\u00eancias transmodais previstas para quatro dos cinco aromas, nomeadamente lim\u00e3o, caramelo, cereja e caf\u00e9\u201d, disse o autor principal, Ryan Ward, professor s\u00eanior da Liverpool John Moores University, em comunicado.<\/p>\n\n\n\n<p>\u201cEm um estudo anterior, mostramos que o odor de caramelo comumente constitui uma associa\u00e7\u00e3o transmodal com marrom escuro e amarelo, assim como o caf\u00e9 com marrom escuro e vermelho, cereja com rosa, vermelho e roxo, hortel\u00e3-pimenta com verde e azul, e lim\u00e3o com amarelo, verde e rosa&#8221;, explicou o autor.<\/p>\n\n\n\n<p>Segundo os pesquisadores, os resultados desse estudo sugerem que o papel das associa\u00e7\u00f5es transmodais no processamento de informa\u00e7\u00f5es sensoriais \u00e9 forte o suficiente para influenciar a forma como percebemos as informa\u00e7\u00f5es dos diferentes sentidos. Neste caso, entre odores e cores.<\/p>\n\n\n\n<p>Apesar das descobertas, a equipe enfatiza a necessidade de investigar qu\u00e3o abrangentes s\u00e3o essas associa\u00e7\u00f5es transmodais entre odores e cores.<\/p>\n\n\n\n<p>&#8220;Precisamos saber at\u00e9 que ponto os odores influenciam a percep\u00e7\u00e3o das cores. Por exemplo, o efeito mostrado aqui ainda est\u00e1 presente para odores menos comuns, ou mesmo para odores encontrados pela primeira vez?&#8221;, indaga Ward.<\/p>\n\n\n\n<p><strong>Os cinco sentidos est\u00e3o fortemente associados \u00e0 arquitetura. <\/strong><strong><\/strong><\/p>\n\n\n\n<p><strong>Voc\u00ea consegue perceber na Proma o incentivo \u00e0s sensa\u00e7\u00f5es?<\/strong><strong><\/strong><\/p>\n\n\n\n<p><strong>Fonte: <\/strong>O Globo<\/p>\n\n\n\n<p><strong>________<\/strong><strong><\/strong><\/p>\n\n\n\n<p><strong>LEIA TAMB\u00c9M:<\/strong><\/p>\n\n\n\n<figure class=\"wp-block-embed is-type-wp-embed is-provider-proma wp-block-embed-proma\"><div class=\"wp-block-embed__wrapper\">\n<blockquote class=\"wp-embedded-content\" data-secret=\"8LBVRkdf5S\"><a href=\"http:\/\/www.proma.com.br\/blog\/o-que-nunca-te-falaram-sobre-a-iluminacao-de-uma-cozinha\/\">O QUE NUNCA TE FALARAM SOBRE A ILUMINA\u00c7\u00c3O DE UMA COZINHA<\/a><\/blockquote><iframe class=\"wp-embedded-content\" sandbox=\"allow-scripts\" security=\"restricted\" style=\"position: absolute; clip: rect(1px, 1px, 1px, 1px);\" title=\"&#8220;O QUE NUNCA TE FALARAM SOBRE A ILUMINA\u00c7\u00c3O DE UMA COZINHA&#8221; &#8212; Proma\" src=\"http:\/\/www.proma.com.br\/blog\/o-que-nunca-te-falaram-sobre-a-iluminacao-de-uma-cozinha\/embed\/#?secret=8LBVRkdf5S\" data-secret=\"8LBVRkdf5S\" width=\"584\" height=\"329\" frameborder=\"0\" marginwidth=\"0\" marginheight=\"0\" scrolling=\"no\"><\/iframe>\n<\/div><\/figure>\n\n\n\n<figure class=\"wp-block-embed is-type-wp-embed is-provider-proma wp-block-embed-proma\"><div class=\"wp-block-embed__wrapper\">\n<blockquote class=\"wp-embedded-content\" data-secret=\"GYrvHXU40g\"><a href=\"http:\/\/www.proma.com.br\/blog\/controle-a-ansiedade-com-7-dicas-de-decoracao\/\">CONTROLE A ANSIEDADE COM 7 DICAS DE DECORA\u00c7\u00c3O<\/a><\/blockquote><iframe class=\"wp-embedded-content\" sandbox=\"allow-scripts\" security=\"restricted\" style=\"position: absolute; clip: rect(1px, 1px, 1px, 1px);\" title=\"&#8220;CONTROLE A ANSIEDADE COM 7 DICAS DE DECORA\u00c7\u00c3O&#8221; &#8212; Proma\" src=\"http:\/\/www.proma.com.br\/blog\/controle-a-ansiedade-com-7-dicas-de-decoracao\/embed\/#?secret=GYrvHXU40g\" data-secret=\"GYrvHXU40g\" width=\"584\" height=\"329\" frameborder=\"0\" marginwidth=\"0\" marginheight=\"0\" scrolling=\"no\"><\/iframe>\n<\/div><\/figure>\n","protected":false},"excerpt":{"rendered":"<p>Nossos cinco sentidos nos bombardeiam com informa\u00e7\u00f5es do ambiente externo 23 horas por dia, 7 dias por semana. Uma maneira pela qual nosso c\u00e9rebro d\u00e1 sentido a essa abund\u00e2ncia de informa\u00e7\u00f5es \u00e9 combinando informa\u00e7\u00f5es de dois ou mais sentidos: cheiros&hellip;<\/p>\n","protected":false},"author":3,"featured_media":8398,"comment_status":"open","ping_status":"closed","sticky":false,"template":"","format":"standard","meta":[],"categories":[3544],"tags":[3556,2674,3557,3143,3545,3552,3549,2353,3152,3551,3547,3553,3550,1742,3548,782,3546,3554],"_links":{"self":[{"href":"https:\/\/www.proma.com.br\/blog\/wp-json\/wp\/v2\/posts\/8396"}],"collection":[{"href":"https:\/\/www.proma.com.br\/blog\/wp-json\/wp\/v2\/posts"}],"about":[{"href":"https:\/\/www.proma.com.br\/blog\/wp-json\/wp\/v2\/types\/post"}],"author":[{"embeddable":true,"href":"https:\/\/www.proma.com.br\/blog\/wp-json\/wp\/v2\/users\/3"}],"replies":[{"embeddable":true,"href":"https:\/\/www.proma.com.br\/blog\/wp-json\/wp\/v2\/comments?post=8396"}],"version-history":[{"count":1,"href":"https:\/\/www.proma.com.br\/blog\/wp-json\/wp\/v2\/posts\/8396\/revisions"}],"predecessor-version":[{"id":8399,"href":"https:\/\/www.proma.com.br\/blog\/wp-json\/wp\/v2\/posts\/8396\/revisions\/8399"}],"wp:featuredmedia":[{"embeddable":true,"href":"https:\/\/www.proma.com.br\/blog\/wp-json\/wp\/v2\/media\/8398"}],"wp:attachment":[{"href":"https:\/\/www.proma.com.br\/blog\/wp-json\/wp\/v2\/media?parent=8396"}],"wp:term":[{"taxonomy":"category","embeddable":true,"href":"https:\/\/www.proma.com.br\/blog\/wp-json\/wp\/v2\/categories?post=8396"},{"taxonomy":"post_tag","embeddable":true,"href":"https:\/\/www.proma.com.br\/blog\/wp-json\/wp\/v2\/tags?post=8396"}],"curies":[{"name":"wp","href":"https:\/\/api.w.org\/{rel}","templated":true}]}}