{"id":8510,"date":"2024-02-06T10:07:00","date_gmt":"2024-02-06T13:07:00","guid":{"rendered":"http:\/\/www.proma.com.br\/blog\/?p=8510"},"modified":"2024-01-16T10:29:27","modified_gmt":"2024-01-16T13:29:27","slug":"5-motivos-para-usar-protetor-solar-mesmo-dentro-de-casa","status":"publish","type":"post","link":"https:\/\/www.proma.com.br\/blog\/5-motivos-para-usar-protetor-solar-mesmo-dentro-de-casa\/","title":{"rendered":"5 MOTIVOS PARA USAR PROTETOR SOLAR MESMO DENTRO DE CASA"},"content":{"rendered":"\n<p>O protetor solar protege o corpo dos raios UVA e UVB, previne o fotoenvelhecimento e o c\u00e2ncer de pele. Para uma prote\u00e7\u00e3o eficiente, o ideal \u00e9 aplicar o produto logo pela manh\u00e3 e reaplicar de 3 em 3 horas \u2013 mesmo que voc\u00ea esteja em casa.<\/p>\n\n\n\n<p><strong>1. PROTEGE DOS RAIOS UVA E UVB<\/strong><strong><\/strong><\/p>\n\n\n\n<p>Os raios ultravioletas podem causar danos na pele e no organismo. O protetor solar funciona como uma barreira que absorve esses raios e protege nossas c\u00e9lulas.<\/p>\n\n\n\n<figure class=\"wp-block-image size-large\"><img loading=\"lazy\" width=\"1024\" height=\"683\" src=\"https:\/\/www.proma.com.br\/blog\/wp-content\/uploads\/2024\/01\/FILTRO01-1024x683.jpg\" alt=\"\" class=\"wp-image-8512\" srcset=\"https:\/\/www.proma.com.br\/blog\/wp-content\/uploads\/2024\/01\/FILTRO01-1024x683.jpg 1024w, https:\/\/www.proma.com.br\/blog\/wp-content\/uploads\/2024\/01\/FILTRO01-960x641.jpg 960w, https:\/\/www.proma.com.br\/blog\/wp-content\/uploads\/2024\/01\/FILTRO01-768x513.jpg 768w, https:\/\/www.proma.com.br\/blog\/wp-content\/uploads\/2024\/01\/FILTRO01-450x300.jpg 450w, https:\/\/www.proma.com.br\/blog\/wp-content\/uploads\/2024\/01\/FILTRO01.jpg 1500w\" sizes=\"(max-width: 1024px) 100vw, 1024px\" \/><\/figure>\n\n\n\n<p><strong>2. PROTE\u00c7\u00c3O CONTRA LUZ VIS\u00cdVEL<\/strong><strong><\/strong><\/p>\n\n\n\n<p>Ele tamb\u00e9m protege a pele contra a a\u00e7\u00e3o da luz vis\u00edvel. S\u00e3o aquelas dos aparelhos eletr\u00f4nicos, como celulares, computadores e tablets \u2013 ela \u00e9 agressiva porque impulsiona o envelhecimento precoce e intensifica manchas. Assim, se faz necess\u00e1rio o uso do protetor solar mesmo dentro de casa.<\/p>\n\n\n\n<p><strong>3. PREVINE O C\u00c2NCER DE PELE<\/strong><strong><\/strong><\/p>\n\n\n\n<p>O c\u00e2ncer de pele \u00e9 o tipo de c\u00e2ncer mais comum no Brasil, segundo dados do Instituto Nacional do C\u00e2ncer (INCA). A principal causa \u00e9 a exposi\u00e7\u00e3o excessiva ao sol, sendo mais frequente em indiv\u00edduos com mais de 50 anos, j\u00e1 que a exposi\u00e7\u00e3o solar \u00e9 cumulativa. Um dos meios de prevenir a doen\u00e7a \u00e9 a utiliza\u00e7\u00e3o do protetor solar diariamente no rosto e no corpo.<\/p>\n\n\n\n<p><strong>4. HIDRATA A PELE<\/strong><strong><\/strong><\/p>\n\n\n\n<p>Se voc\u00ea tem a pele seca, invista em um produto com a textura cremosa e com ativos hidratantes. H\u00e1 op\u00e7\u00f5es que ainda oferecem cobertura para as imperfei\u00e7\u00f5es da pele, deixando-a uniforme e com aspecto luminoso.<\/p>\n\n\n\n<p><strong>5. AUXILIA NO TRATAMENTO DE MANCHAS<\/strong><strong><\/strong><\/p>\n\n\n\n<p>O uso cont\u00ednuo do protetor solar suaviza as manchas da pele. Por criar uma barreira contra a luz, ele impede que as marcas se intensifiquem e que surjam novos focos. Al\u00e9m disso, tamb\u00e9m ajuda a diminuir a quantidade e a gravidade das acnes.<\/p>\n\n\n\n<p><strong>Fonte: Casa Vogue<\/strong><strong><\/strong><\/p>\n","protected":false},"excerpt":{"rendered":"<p>O protetor solar protege o corpo dos raios UVA e UVB, previne o fotoenvelhecimento e o c\u00e2ncer de pele. Para uma prote\u00e7\u00e3o eficiente, o ideal \u00e9 aplicar o produto logo pela manh\u00e3 e reaplicar de 3 em 3 horas \u2013&hellip;<\/p>\n","protected":false},"author":3,"featured_media":8511,"comment_status":"open","ping_status":"closed","sticky":false,"template":"","format":"standard","meta":[],"categories":[2927,1147],"tags":[168,196,3747,578,3746,644,1773,658,3748,833,3523,834,835,836,3381,3380,837,1960,3743,3742,2804,3744,3745],"_links":{"self":[{"href":"https:\/\/www.proma.com.br\/blog\/wp-json\/wp\/v2\/posts\/8510"}],"collection":[{"href":"https:\/\/www.proma.com.br\/blog\/wp-json\/wp\/v2\/posts"}],"about":[{"href":"https:\/\/www.proma.com.br\/blog\/wp-json\/wp\/v2\/types\/post"}],"author":[{"embeddable":true,"href":"https:\/\/www.proma.com.br\/blog\/wp-json\/wp\/v2\/users\/3"}],"replies":[{"embeddable":true,"href":"https:\/\/www.proma.com.br\/blog\/wp-json\/wp\/v2\/comments?post=8510"}],"version-history":[{"count":1,"href":"https:\/\/www.proma.com.br\/blog\/wp-json\/wp\/v2\/posts\/8510\/revisions"}],"predecessor-version":[{"id":8513,"href":"https:\/\/www.proma.com.br\/blog\/wp-json\/wp\/v2\/posts\/8510\/revisions\/8513"}],"wp:featuredmedia":[{"embeddable":true,"href":"https:\/\/www.proma.com.br\/blog\/wp-json\/wp\/v2\/media\/8511"}],"wp:attachment":[{"href":"https:\/\/www.proma.com.br\/blog\/wp-json\/wp\/v2\/media?parent=8510"}],"wp:term":[{"taxonomy":"category","embeddable":true,"href":"https:\/\/www.proma.com.br\/blog\/wp-json\/wp\/v2\/categories?post=8510"},{"taxonomy":"post_tag","embeddable":true,"href":"https:\/\/www.proma.com.br\/blog\/wp-json\/wp\/v2\/tags?post=8510"}],"curies":[{"name":"wp","href":"https:\/\/api.w.org\/{rel}","templated":true}]}}