{"id":8587,"date":"2024-05-14T09:17:00","date_gmt":"2024-05-14T12:17:00","guid":{"rendered":"http:\/\/www.proma.com.br\/blog\/?p=8587"},"modified":"2024-05-23T10:32:21","modified_gmt":"2024-05-23T13:32:21","slug":"quando-a-sua-casa-e-tambem-o-seu-espaco-de-trabalho-parte-1","status":"publish","type":"post","link":"https:\/\/www.proma.com.br\/blog\/quando-a-sua-casa-e-tambem-o-seu-espaco-de-trabalho-parte-1\/","title":{"rendered":"QUANDO A SUA CASA \u00c9 TAMB\u00c9M O SEU ESPA\u00c7O DE TRABALHO | PARTE 1"},"content":{"rendered":"\n<p>Para o Feng Shui, tudo o que acontece dentro da sua casa deve ser bem planejado e organizado para n\u00e3o alterar a energia.<\/p>\n\n\n\n<p>Cada vez mais, pessoas est\u00e3o optando por iniciar e administrar seus neg\u00f3cios no conforto de suas casas e, quer voc\u00ea trabalhe como freelancer, administre uma loja online, ofere\u00e7a servi\u00e7os profissionais aut\u00f4nomos ou qualquer outra atividade comercial, organizar sua casa de forma eficiente \u00e9 crucial para:<\/p>\n\n\n\n<ul><li>o sucesso de seus neg\u00f3cios.<\/li><li>manter um equil\u00edbrio saud\u00e1vel entre a vida pessoal e profissional.<\/li><\/ul>\n\n\n\n<p>Desde a cria\u00e7\u00e3o de um espa\u00e7o de trabalho produtivo at\u00e9 o gerenciamento do tempo e a manuten\u00e7\u00e3o do equil\u00edbrio entre a vida pessoal e profissional, confira \u2014 numa s\u00e9rie de 3 posts \u2014 algumas estrat\u00e9gias pr\u00e1ticas e dicas \u00fateis sobre como organizar sua casa se voc\u00ea tiver um neg\u00f3cio remoto.<\/p>\n\n\n\n<p><strong>UM ESPA\u00c7O DE TRABALHO PRODUTIVO<\/strong><\/p>\n\n\n\n<figure class=\"wp-block-image size-large\"><img loading=\"lazy\" width=\"1000\" height=\"667\" src=\"https:\/\/www.proma.com.br\/blog\/wp-content\/uploads\/2024\/05\/2149361984.jpg\" alt=\"\" class=\"wp-image-8589\" srcset=\"https:\/\/www.proma.com.br\/blog\/wp-content\/uploads\/2024\/05\/2149361984.jpg 1000w, https:\/\/www.proma.com.br\/blog\/wp-content\/uploads\/2024\/05\/2149361984-960x640.jpg 960w, https:\/\/www.proma.com.br\/blog\/wp-content\/uploads\/2024\/05\/2149361984-768x512.jpg 768w, https:\/\/www.proma.com.br\/blog\/wp-content\/uploads\/2024\/05\/2149361984-450x300.jpg 450w\" sizes=\"(max-width: 1000px) 100vw, 1000px\" \/><\/figure>\n\n\n\n<p>Um dos aspectos mais importantes da organiza\u00e7\u00e3o da sua casa para o seu neg\u00f3cio \u00e9 a cria\u00e7\u00e3o de um espa\u00e7o de trabalho produtivo e eficiente.<\/p>\n\n\n\n<p>Aqui est\u00e3o algumas sugest\u00f5es para criar um ambiente de trabalho ideal:<\/p>\n\n\n\n<p><strong>\u2022 Selecione o local certo:<\/strong> escolha uma \u00e1rea tranquila e bem iluminada da sua casa para montar seu espa\u00e7o de trabalho. O ideal \u00e9 que este espa\u00e7o seja separado das \u00e1reas de descanso e distra\u00e7\u00e3o.<\/p>\n\n\n\n<p><strong>\u2022 Invista em m\u00f3veis ergon\u00f4micos: <\/strong>uma cadeira confort\u00e1vel e uma mesa adequada s\u00e3o investimentos importantes para garantir seu conforto e sa\u00fade durante o trabalho. Certifique-se de que na sua mesa tenha espa\u00e7o suficiente para seus dispositivos e materiais de trabalho.<\/p>\n\n\n\n<p><strong>\u2022 Organize seu espa\u00e7o: <\/strong>use organizadores de mesa, estantes e arquivos para manter seu espa\u00e7o de trabalho livre de bagun\u00e7a. Ter um sistema de organiza\u00e7\u00e3o eficiente o ajudar\u00e1 a ser mais produtivo e a encontrar o que precisa rapidamente.<\/p>\n\n\n\n<figure class=\"wp-block-image size-large\"><img loading=\"lazy\" width=\"1000\" height=\"636\" src=\"https:\/\/www.proma.com.br\/blog\/wp-content\/uploads\/2024\/05\/2b6378a8-67dd-4d89-9803-34ef2b20a4f3.jpg\" alt=\"\" class=\"wp-image-8588\" srcset=\"https:\/\/www.proma.com.br\/blog\/wp-content\/uploads\/2024\/05\/2b6378a8-67dd-4d89-9803-34ef2b20a4f3.jpg 1000w, https:\/\/www.proma.com.br\/blog\/wp-content\/uploads\/2024\/05\/2b6378a8-67dd-4d89-9803-34ef2b20a4f3-960x611.jpg 960w, https:\/\/www.proma.com.br\/blog\/wp-content\/uploads\/2024\/05\/2b6378a8-67dd-4d89-9803-34ef2b20a4f3-768x488.jpg 768w, https:\/\/www.proma.com.br\/blog\/wp-content\/uploads\/2024\/05\/2b6378a8-67dd-4d89-9803-34ef2b20a4f3-472x300.jpg 472w\" sizes=\"(max-width: 1000px) 100vw, 1000px\" \/><\/figure>\n\n\n\n<p><strong>\u2022 Personalize seu espa\u00e7o: <\/strong>decore seu espa\u00e7o de trabalho com itens que inspiram e motivam voc\u00ea, com plantas, fotos inspiradoras ou arte. Personalizar seu ambiente pode ajud\u00e1-lo a manter o foco e envolvimento em seu trabalho.<\/p>\n\n\n\n<p><strong>\u2022 Crie uma \u00e1rea de reuni\u00f5es:<\/strong> se voc\u00ea recebe clientes ou colaboradores em casa, certifique-se de ter uma \u00e1rea designada para reuni\u00f5es. Esta \u00e1rea deve ser confort\u00e1vel e profissional com assentos adequados e uma atmosfera acolhedora.<\/p>\n\n\n\n<p>Como est\u00e1 o seu espa\u00e7o de trabalho?<\/p>\n\n\n\n<p>No pr\u00f3ximo post voc\u00ea receber\u00e1 informa\u00e7\u00f5es preciosas sobre gerenciamento de tempo e produtividade.<\/p>\n\n\n\n<p>\u2014\u2014<\/p>\n\n\n\n<p>Fonte: Casa Vogue<\/p>\n","protected":false},"excerpt":{"rendered":"<p>Para o Feng Shui, tudo o que acontece dentro da sua casa deve ser bem planejado e organizado para n\u00e3o alterar a energia. <\/p>\n","protected":false},"author":3,"featured_media":8589,"comment_status":"open","ping_status":"closed","sticky":false,"template":"","format":"standard","meta":[],"categories":[1],"tags":[101,3863,2468,3255],"_links":{"self":[{"href":"https:\/\/www.proma.com.br\/blog\/wp-json\/wp\/v2\/posts\/8587"}],"collection":[{"href":"https:\/\/www.proma.com.br\/blog\/wp-json\/wp\/v2\/posts"}],"about":[{"href":"https:\/\/www.proma.com.br\/blog\/wp-json\/wp\/v2\/types\/post"}],"author":[{"embeddable":true,"href":"https:\/\/www.proma.com.br\/blog\/wp-json\/wp\/v2\/users\/3"}],"replies":[{"embeddable":true,"href":"https:\/\/www.proma.com.br\/blog\/wp-json\/wp\/v2\/comments?post=8587"}],"version-history":[{"count":4,"href":"https:\/\/www.proma.com.br\/blog\/wp-json\/wp\/v2\/posts\/8587\/revisions"}],"predecessor-version":[{"id":8595,"href":"https:\/\/www.proma.com.br\/blog\/wp-json\/wp\/v2\/posts\/8587\/revisions\/8595"}],"wp:featuredmedia":[{"embeddable":true,"href":"https:\/\/www.proma.com.br\/blog\/wp-json\/wp\/v2\/media\/8589"}],"wp:attachment":[{"href":"https:\/\/www.proma.com.br\/blog\/wp-json\/wp\/v2\/media?parent=8587"}],"wp:term":[{"taxonomy":"category","embeddable":true,"href":"https:\/\/www.proma.com.br\/blog\/wp-json\/wp\/v2\/categories?post=8587"},{"taxonomy":"post_tag","embeddable":true,"href":"https:\/\/www.proma.com.br\/blog\/wp-json\/wp\/v2\/tags?post=8587"}],"curies":[{"name":"wp","href":"https:\/\/api.w.org\/{rel}","templated":true}]}}