{"id":859,"date":"2012-11-24T07:00:08","date_gmt":"2012-11-24T10:00:08","guid":{"rendered":"http:\/\/www.proma.com.br\/blog\/arquitetura\/?p=859"},"modified":"2014-09-22T14:17:39","modified_gmt":"2014-09-22T17:17:39","slug":"859","status":"publish","type":"post","link":"https:\/\/www.proma.com.br\/blog\/859\/","title":{"rendered":"Fachada da casa tamb\u00e9m pode ter cor ousada"},"content":{"rendered":"<p>Escolher a tonalidade da fachada de casa \u00e9 tarefa melindrosa. N\u00e3o h\u00e1 espa\u00e7o para arrependimentos, afinal nada \u00e9 mais dif\u00edcil do que mudar para o branco depois que as paredes j\u00e1 est\u00e3o vermelhas, azuis, amarelas&#8230; Nem por isso \u00e9 preciso ter medo de ousar. Escolher bem a tinta e fazer v\u00e1rios testes ajuda a chegar ao colorido dos sonhos.<\/p>\n<p><a href=\"http:\/\/www.proma.com.br\/blog\/arquitetura\/859\/get-52\" rel=\"attachment wp-att-861\"><img loading=\"lazy\" class=\"aligncenter size-medium wp-image-861\" title=\"get\" src=\"http:\/\/www.proma.com.br\/blog\/media_arquitetura\/files\/2012\/11\/get7-420x278.jpg\" alt=\"\" width=\"420\" height=\"278\" \/><\/a>Olhar a cor apenas na lata de tinta n\u00e3o basta. Nas paredes de fora, a forma como a luz do sol bate na casa pode fazer o tom mudar, explica o arquiteto Gil Mello, da Galeria Arquitetos, de S\u00e3o Paulo. Por isso, ele recomenda que o morador teste diferentes op\u00e7\u00f5es diretamente no local. Para evitar sujeira, \u00e9 poss\u00edvel pintar sobre uma placa de gesso presa \u00e0 parede.<\/p>\n<p>Al\u00e9m da luz, a textura tamb\u00e9m influencia na cor. O designer de interiores Rog\u00e9rio Castro, tamb\u00e9m de S\u00e3o Paulo, escolheu um tom de vermelho escuro para sua casa de campo e aplicou a tinta diretamente sobre a massa grossa. \u201c\u00c9 uma forma de manter o estilo r\u00fastico\u201d, comenta. Mello explica que, num caso como esse, os gr\u00e3os que ficam na parede criam pequenos sombreados que mudam nossa percep\u00e7\u00e3o da cor. \u201c\u00c9 um recurso interessante que pode ajudar a chegar ao tom exato que o morador quer\u201d, diz.<\/p>\n<p>A maior dificuldade das paredes coloridas, por\u00e9m, \u00e9 a manuten\u00e7\u00e3o, avalia a arquiteta paulistana Claudia Vacilian Mendes Cahali. Se uma parte da parede for quebrada para algum reparo, por exemplo, ser\u00e1 dif\u00edcil aplicar tinta nova apenas num trecho e faz\u00ea-lo ficar no mesmo tom que o resto da fachada. \u201cNesses casos, costuma-se pintar a fachada inteira de novo, o que pode ser mais caro\u201d, alerta.<\/p>\n<p>Outro desafio \u00e9 manter a harmonia da cor escolhida com outros detalhes da fachada. Claudia afirma que os tons precisam conversar. Numa casa amarela, portas e janelas de madeira em diferentes tons de marrom, por exemplo, podem trazer mais suavidade. A op\u00e7\u00e3o tamb\u00e9m pode ser pelo contraste. Rog\u00e9rio Castro explica que quis uma casa vermelha justamente para que ela se destacasse entre o verde da vegeta\u00e7\u00e3o do entorno. \u201cEu queria criar esse impacto\u201d.<\/p>\n<p><em>Fonte:<\/em> PRIMAPAGINA, especial para o <a href=\"http:\/\/vidaeestilo.terra.com.br\/casa-e-decoracao\/fachada-da-casa-tambem-pode-ter-cor-ousada-veja-22-exemplos,0f45d0bd0d96a310VgnVCM20000099cceb0aRCRD.html#tarticle\" target=\"_blank\">Terra <\/a><\/p>\n","protected":false},"excerpt":{"rendered":"<p>Escolher a tonalidade da fachada de casa \u00e9 tarefa melindrosa. N\u00e3o h\u00e1 espa\u00e7o para arrependimentos, afinal nada \u00e9 mais dif\u00edcil do que mudar para o branco depois que as paredes j\u00e1 est\u00e3o vermelhas, azuis, amarelas&#8230; Nem por isso \u00e9 preciso&hellip;<\/p>\n","protected":false},"author":3,"featured_media":861,"comment_status":"open","ping_status":"closed","sticky":false,"template":"","format":"standard","meta":[],"categories":[1],"tags":[469,1063,1065,1076],"_links":{"self":[{"href":"https:\/\/www.proma.com.br\/blog\/wp-json\/wp\/v2\/posts\/859"}],"collection":[{"href":"https:\/\/www.proma.com.br\/blog\/wp-json\/wp\/v2\/posts"}],"about":[{"href":"https:\/\/www.proma.com.br\/blog\/wp-json\/wp\/v2\/types\/post"}],"author":[{"embeddable":true,"href":"https:\/\/www.proma.com.br\/blog\/wp-json\/wp\/v2\/users\/3"}],"replies":[{"embeddable":true,"href":"https:\/\/www.proma.com.br\/blog\/wp-json\/wp\/v2\/comments?post=859"}],"version-history":[{"count":1,"href":"https:\/\/www.proma.com.br\/blog\/wp-json\/wp\/v2\/posts\/859\/revisions"}],"predecessor-version":[{"id":2460,"href":"https:\/\/www.proma.com.br\/blog\/wp-json\/wp\/v2\/posts\/859\/revisions\/2460"}],"wp:featuredmedia":[{"embeddable":true,"href":"https:\/\/www.proma.com.br\/blog\/wp-json\/wp\/v2\/media\/861"}],"wp:attachment":[{"href":"https:\/\/www.proma.com.br\/blog\/wp-json\/wp\/v2\/media?parent=859"}],"wp:term":[{"taxonomy":"category","embeddable":true,"href":"https:\/\/www.proma.com.br\/blog\/wp-json\/wp\/v2\/categories?post=859"},{"taxonomy":"post_tag","embeddable":true,"href":"https:\/\/www.proma.com.br\/blog\/wp-json\/wp\/v2\/tags?post=859"}],"curies":[{"name":"wp","href":"https:\/\/api.w.org\/{rel}","templated":true}]}}