{"id":8617,"date":"2024-06-11T08:29:00","date_gmt":"2024-06-11T11:29:00","guid":{"rendered":"http:\/\/www.proma.com.br\/blog\/?p=8617"},"modified":"2024-05-27T08:33:25","modified_gmt":"2024-05-27T11:33:25","slug":"reforma-sustentavel-como-nao-agredir-o-meio-ambiente","status":"publish","type":"post","link":"https:\/\/www.proma.com.br\/blog\/reforma-sustentavel-como-nao-agredir-o-meio-ambiente\/","title":{"rendered":"REFORMA SUSTENT\u00c1VEL: COMO N\u00c3O AGREDIR O MEIO AMBIENTE?"},"content":{"rendered":"\n<p>Tintas ecol\u00f3gicas, gesso acartonado, materiais reciclados, reaproveitamento e energia renov\u00e1vel s\u00e3o algumas frentes para uma obra mais sustent\u00e1vel.<\/p>\n\n\n\n<p>No \u00faltimo ano, a constru\u00e7\u00e3o de casas sustent\u00e1veis no Brasil <strong>cresceu 40%<\/strong>, segundo o Green Building Council Brasil.<\/p>\n\n\n\n<p>Esta perspectiva verde parece se estender \u00e0s reformas e pequenas obras, onde a preserva\u00e7\u00e3o ao meio ambiente passa a ser um crit\u00e9rio na escolha de revestimentos, materiais e fontes de energia.<\/p>\n\n\n\n<figure class=\"wp-block-image size-large\"><img loading=\"lazy\" width=\"1000\" height=\"666\" src=\"https:\/\/www.proma.com.br\/blog\/wp-content\/uploads\/2024\/05\/c4329021-5d55-4e4f-8229-526f539857e8.jpg\" alt=\"\" class=\"wp-image-8618\" srcset=\"https:\/\/www.proma.com.br\/blog\/wp-content\/uploads\/2024\/05\/c4329021-5d55-4e4f-8229-526f539857e8.jpg 1000w, https:\/\/www.proma.com.br\/blog\/wp-content\/uploads\/2024\/05\/c4329021-5d55-4e4f-8229-526f539857e8-960x639.jpg 960w, https:\/\/www.proma.com.br\/blog\/wp-content\/uploads\/2024\/05\/c4329021-5d55-4e4f-8229-526f539857e8-768x511.jpg 768w, https:\/\/www.proma.com.br\/blog\/wp-content\/uploads\/2024\/05\/c4329021-5d55-4e4f-8229-526f539857e8-450x300.jpg 450w\" sizes=\"(max-width: 1000px) 100vw, 1000px\" \/><\/figure>\n\n\n\n<p>A ind\u00fastria evoluiu para atender essas demandas e, cada vez mais, deparamo-nos com produtos de baixo impacto ambiental, feitos a partir de materiais reciclados e recicl\u00e1veis.<\/p>\n\n\n\n<p>Segundo a ABRECON (Associa\u00e7\u00e3o Brasileira para Reciclagem de Res\u00edduos da Constru\u00e7\u00e3o Civil e Demoli\u00e7\u00e3o), o Brasil ainda desperdi\u00e7a <strong>8 bilh\u00f5es de reais<\/strong> ao ano por n\u00e3o reciclar os materiais adequadamente.<\/p>\n\n\n\n<p>\u201cPensar de maneira mais sustent\u00e1vel na arquitetura pode vir n\u00e3o apenas atrav\u00e9s da busca de um destino para materiais descartados nas obras, mas tamb\u00e9m na alternativa de buscar produtos que sejam constru\u00eddos j\u00e1 com material sobressalente\u201d, afirma o arquiteto Daniel Bolson.<\/p>\n\n\n\n<figure class=\"wp-block-image size-large\"><img loading=\"lazy\" width=\"1000\" height=\"667\" src=\"https:\/\/www.proma.com.br\/blog\/wp-content\/uploads\/2024\/05\/reforma-sala.jpg\" alt=\"\" class=\"wp-image-8619\" srcset=\"https:\/\/www.proma.com.br\/blog\/wp-content\/uploads\/2024\/05\/reforma-sala.jpg 1000w, https:\/\/www.proma.com.br\/blog\/wp-content\/uploads\/2024\/05\/reforma-sala-960x640.jpg 960w, https:\/\/www.proma.com.br\/blog\/wp-content\/uploads\/2024\/05\/reforma-sala-768x512.jpg 768w, https:\/\/www.proma.com.br\/blog\/wp-content\/uploads\/2024\/05\/reforma-sala-450x300.jpg 450w\" sizes=\"(max-width: 1000px) 100vw, 1000px\" \/><\/figure>\n\n\n\n<p><strong>Os tijolos ecol\u00f3gicos<\/strong>, por exemplo, s\u00e3o fabricados a partir de res\u00edduos da constru\u00e7\u00e3o civil. Al\u00e9m disso, s\u00e3o encaixados como grandes pe\u00e7as de lego, com pinos, sem a necessidade de usar argamassa \u2013 outro vil\u00e3o do meio ambiente.<\/p>\n\n\n\n<p>\u201cMais populares, os pain\u00e9is de madeira OSB s\u00e3o constitu\u00eddos de fibras de madeiras de reflorestamento, prensadas, e n\u00e3o gastam \u00e1gua em sua aplica\u00e7\u00e3o. Podem servir desde revestimento para casas de steel frame, como uma alternativa mais em conta para pain\u00e9is e m\u00f3veis com aspecto de madeira natural\u201d, completa Daniel.<\/p>\n\n\n\n<p>\u2014\u2014<\/p>\n\n\n\n<p>Fonte: Casa e Jardim<\/p>\n","protected":false},"excerpt":{"rendered":"<p>Tintas ecol\u00f3gicas, gesso acartonado, materiais reciclados, reaproveitamento e energia renov\u00e1vel s\u00e3o algumas frentes para uma obra mais sustent\u00e1vel. <\/p>\n","protected":false},"author":3,"featured_media":8620,"comment_status":"open","ping_status":"closed","sticky":false,"template":"","format":"standard","meta":[],"categories":[1,1144,1145],"tags":[3873,2225,3872,1801,3322,2012,1035,2964],"_links":{"self":[{"href":"https:\/\/www.proma.com.br\/blog\/wp-json\/wp\/v2\/posts\/8617"}],"collection":[{"href":"https:\/\/www.proma.com.br\/blog\/wp-json\/wp\/v2\/posts"}],"about":[{"href":"https:\/\/www.proma.com.br\/blog\/wp-json\/wp\/v2\/types\/post"}],"author":[{"embeddable":true,"href":"https:\/\/www.proma.com.br\/blog\/wp-json\/wp\/v2\/users\/3"}],"replies":[{"embeddable":true,"href":"https:\/\/www.proma.com.br\/blog\/wp-json\/wp\/v2\/comments?post=8617"}],"version-history":[{"count":1,"href":"https:\/\/www.proma.com.br\/blog\/wp-json\/wp\/v2\/posts\/8617\/revisions"}],"predecessor-version":[{"id":8621,"href":"https:\/\/www.proma.com.br\/blog\/wp-json\/wp\/v2\/posts\/8617\/revisions\/8621"}],"wp:featuredmedia":[{"embeddable":true,"href":"https:\/\/www.proma.com.br\/blog\/wp-json\/wp\/v2\/media\/8620"}],"wp:attachment":[{"href":"https:\/\/www.proma.com.br\/blog\/wp-json\/wp\/v2\/media?parent=8617"}],"wp:term":[{"taxonomy":"category","embeddable":true,"href":"https:\/\/www.proma.com.br\/blog\/wp-json\/wp\/v2\/categories?post=8617"},{"taxonomy":"post_tag","embeddable":true,"href":"https:\/\/www.proma.com.br\/blog\/wp-json\/wp\/v2\/tags?post=8617"}],"curies":[{"name":"wp","href":"https:\/\/api.w.org\/{rel}","templated":true}]}}