{"id":8742,"date":"2024-12-17T11:32:00","date_gmt":"2024-12-17T14:32:00","guid":{"rendered":"http:\/\/www.proma.com.br\/blog\/?p=8742"},"modified":"2024-10-14T11:37:22","modified_gmt":"2024-10-14T14:37:22","slug":"como-evitar-mofo-em-colchoes","status":"publish","type":"post","link":"https:\/\/www.proma.com.br\/blog\/como-evitar-mofo-em-colchoes\/","title":{"rendered":"Como evitar mofo em colch\u00f5es?"},"content":{"rendered":"\n<p>O colch\u00e3o \u00e9 um dos itens de casa mais amados e desfrutados no dia a dia, mas, ao mesmo tempo, \u00e9 um dos menos considerados na hora da limpeza e dos cuidados do lar.<\/p>\n\n\n\n<figure class=\"wp-block-image size-large\"><img loading=\"lazy\" width=\"1000\" height=\"668\" src=\"https:\/\/www.proma.com.br\/blog\/wp-content\/uploads\/2024\/10\/Imagem-do-WhatsApp-de-2024-10-06-as-20.24.20_2927f968.jpg\" alt=\"\" class=\"wp-image-8743\" srcset=\"https:\/\/www.proma.com.br\/blog\/wp-content\/uploads\/2024\/10\/Imagem-do-WhatsApp-de-2024-10-06-as-20.24.20_2927f968.jpg 1000w, https:\/\/www.proma.com.br\/blog\/wp-content\/uploads\/2024\/10\/Imagem-do-WhatsApp-de-2024-10-06-as-20.24.20_2927f968-960x641.jpg 960w, https:\/\/www.proma.com.br\/blog\/wp-content\/uploads\/2024\/10\/Imagem-do-WhatsApp-de-2024-10-06-as-20.24.20_2927f968-768x513.jpg 768w, https:\/\/www.proma.com.br\/blog\/wp-content\/uploads\/2024\/10\/Imagem-do-WhatsApp-de-2024-10-06-as-20.24.20_2927f968-449x300.jpg 449w\" sizes=\"(max-width: 1000px) 100vw, 1000px\" \/><\/figure>\n\n\n\n<p>Por baixo dos len\u00e7\u00f3is, um dos problemas mais comuns \u00e9 o aparecimento de mofo \u2013 mesmo que voc\u00ea jamais o tenha molhado na vida.<\/p>\n\n\n\n<p>O mofo, tamb\u00e9m conhecido como Aspergillus fumigatus, pode trazer uma s\u00e9rie de riscos \u00e0 sa\u00fade, especialmente ao sistema respirat\u00f3rio, podendo ocasionar:<\/p>\n\n\n\n<ul><li>alergias.<\/li><li>micose broncopulmonar al\u00e9rgica.<\/li><li>infec\u00e7\u00f5es.<\/li><\/ul>\n\n\n\n<p><strong>Por que surge mofo nos colch\u00f5es?<\/strong><\/p>\n\n\n\n<p>O mofo \u00e9 comumente associado a deixar elementos do lar molhados, criando um ac\u00famulo de \u00e1gua que, com o tempo, permite a prolifera\u00e7\u00e3o do fungo. Mas, na verdade, pode ir muito al\u00e9m.<\/p>\n\n\n\n<p>Segundo Lucas Gaiola, engenheiro qu\u00edmico, o fungo, geralmente, \u00e9 causado pelo excesso de umidade e falta de ventila\u00e7\u00e3o.<\/p>\n\n\n\n<p>\u201cO ac\u00famulo de suor e l\u00edquidos derramados tamb\u00e9m pode favorecer o seu crescimento. Um dos primeiros sinais de mofo \u00e9 um cheiro forte e manchas escuras, verdes ou pretas na superf\u00edcie do colch\u00e3o que, se n\u00e3o forem limpas corretamente, podem se espalhar\u201d, explica.<\/p>\n\n\n\n<p>Ainda, segundo Gaiola, um colch\u00e3o que permanece \u00famido por longos per\u00edodos pode sofrer danos em sua estrutura interna, como a degrada\u00e7\u00e3o de espumas e outros materiais.<\/p>\n\n\n\n<p>\u201cUm colch\u00e3o que respira melhor tende a ser mais confort\u00e1vel, pois regula a temperatura durante o sono e proporciona um ambiente mais agrad\u00e1vel\u201d, pontua o especialista.<\/p>\n\n\n\n<p>Ademais, o mofo tamb\u00e9m consegue se favorecer de ambientes sem a entrada de luz solar, como os dormit\u00f3rios.<\/p>\n\n\n\n<p>\u201cOutro sinal ao qual devemos nos atentar \u00e9 o excesso de doen\u00e7as respirat\u00f3rias, que podem ser decorrentes da inala\u00e7\u00e3o do mofo\u201d, pontua Gracielle Pacheco, diretora-executiva da Total Clean.<\/p>\n\n\n\n<p><strong>Apenas mofo surge nos colch\u00f5es?<\/strong><\/p>\n\n\n\n<p>Engana-se quem pensa que o colch\u00e3o \u00e9 livre dos perigos do dia a dia: um colch\u00e3o pode conter mais de 10 milh\u00f5es de bact\u00e9rias e \u00e1caros, que procuram ambientes quentes para se proliferar.<\/p>\n\n\n\n<p>Isso \u00e9 comprovado tamb\u00e9m pelo estudo realizado pela Universidade Estadual de Campinas (Unicamp) que, ap\u00f3s coletar p\u00f3 em resid\u00eancias, encontrou duas esp\u00e9cies de \u00e1caros em 88% das amostras colhidas em colch\u00f5es.<\/p>\n\n\n\n<p>Tamb\u00e9m podemos encontrar bact\u00e9rias como a Staphylococcus sp, comum na pele e nas mucosas humanas, e E coli, que pode ser transferida ao colch\u00e3o em casos de higiene inadequada.<\/p>\n\n\n\n<p>\u201cA presen\u00e7a dessa grande variedade de bact\u00e9rias nos colch\u00f5es se deve a sua exposi\u00e7\u00e3o cont\u00ednua a suor, c\u00e9lulas mortas da pele, derramamento de l\u00edquidos e outros contaminantes\u201d, atribuiu o engenheiro.<\/p>\n\n\n\n<p><strong>Como evitar o mofo?<\/strong><\/p>\n\n\n\n<p>Para Gracielle, o primeiro passo para evitar a prolifera\u00e7\u00e3o do mofo \u00e9 adotar pr\u00e1ticas para deixar o espa\u00e7o mais arejado e, assim, melhorar a ventila\u00e7\u00e3o.<\/p>\n\n\n\n<p>\u201cUma possibilidade \u00e9 deixar portas e janelas abertas, principalmente no per\u00edodo do inverno\u201d, recomenda a profissional.<\/p>\n\n\n\n<p>O uso de ventiladores e desumidificadores em locais onde a umidade \u00e9 alta tamb\u00e9m pode ser uma boa aposta para evitar o surgimento do fungo na cama.<\/p>\n\n\n\n<p>Gaiola ainda coloca que \u00e9 recomend\u00e1vel usar protetores imperme\u00e1veis, mas que ainda sejam respir\u00e1veis a fim de evitar o ac\u00famulo de umidade.<\/p>\n\n\n\n<p>\u201cDeve-se evitar colocar colch\u00f5es diretamente no ch\u00e3o, pois o contato com superf\u00edcies frias e \u00famidas pode causar o ac\u00famulo de umidade.<\/p>\n\n\n\n<p>Ademais, tamb\u00e9m, deve-se procurar n\u00e3o colocar objetos como pl\u00e1sticos entre a base e o colch\u00e3o, que n\u00e3o permitem a circula\u00e7\u00e3o de ar por baixo da estrutura\u201d, pontua o engenheiro qu\u00edmico.<\/p>\n\n\n\n<figure class=\"wp-block-image size-large is-resized\"><img loading=\"lazy\" src=\"https:\/\/www.proma.com.br\/blog\/wp-content\/uploads\/2024\/10\/dd635888a46f85135da4660028a748e7.jpg\" alt=\"\" class=\"wp-image-8744\" width=\"580\" height=\"386\" srcset=\"https:\/\/www.proma.com.br\/blog\/wp-content\/uploads\/2024\/10\/dd635888a46f85135da4660028a748e7.jpg 500w, https:\/\/www.proma.com.br\/blog\/wp-content\/uploads\/2024\/10\/dd635888a46f85135da4660028a748e7-450x300.jpg 450w\" sizes=\"(max-width: 580px) 100vw, 580px\" \/><\/figure>\n\n\n\n<p>Entre os cuidados di\u00e1rios para acrescentar no cronograma de limpeza da casa, \u00e9 recomendado aspirar regularmente a superf\u00edcie do colch\u00e3o, a fim de remover p\u00f3, c\u00e9lulas mortas da pele e outros detritos que podem reter umidade.<\/p>\n\n\n\n<p>H\u00e1, tamb\u00e9m, cuidados cl\u00e1ssicos, como manter a limpeza do colch\u00e3o em dia, podendo realiz\u00e1-la a cada seis meses, e trocar a roupa de cama com uma determinada periodicidade.<\/p>\n\n\n\n<p><em>Como est\u00e1 a sa\u00fade do seu colch\u00e3o?<\/em><\/p>\n\n\n\n<p>\u2014\u2014\u2014<br>Fonte:&nbsp;Casa&nbsp;e&nbsp;Jardim<\/p>\n","protected":false},"excerpt":{"rendered":"<p>O colch\u00e3o \u00e9 um dos itens de casa mais amados e desfrutados no dia a dia, mas, ao mesmo tempo, \u00e9 um dos menos considerados na hora da limpeza e dos cuidados do lar. Por baixo dos len\u00e7\u00f3is, um dos&hellip;<\/p>\n","protected":false},"author":3,"featured_media":8743,"comment_status":"open","ping_status":"closed","sticky":false,"template":"","format":"standard","meta":[],"categories":[3544,2927,2879,1145,1146,1147],"tags":[2397,3987,2724,3986,3984,2337,3985,3461,1819,2484],"_links":{"self":[{"href":"https:\/\/www.proma.com.br\/blog\/wp-json\/wp\/v2\/posts\/8742"}],"collection":[{"href":"https:\/\/www.proma.com.br\/blog\/wp-json\/wp\/v2\/posts"}],"about":[{"href":"https:\/\/www.proma.com.br\/blog\/wp-json\/wp\/v2\/types\/post"}],"author":[{"embeddable":true,"href":"https:\/\/www.proma.com.br\/blog\/wp-json\/wp\/v2\/users\/3"}],"replies":[{"embeddable":true,"href":"https:\/\/www.proma.com.br\/blog\/wp-json\/wp\/v2\/comments?post=8742"}],"version-history":[{"count":1,"href":"https:\/\/www.proma.com.br\/blog\/wp-json\/wp\/v2\/posts\/8742\/revisions"}],"predecessor-version":[{"id":8745,"href":"https:\/\/www.proma.com.br\/blog\/wp-json\/wp\/v2\/posts\/8742\/revisions\/8745"}],"wp:featuredmedia":[{"embeddable":true,"href":"https:\/\/www.proma.com.br\/blog\/wp-json\/wp\/v2\/media\/8743"}],"wp:attachment":[{"href":"https:\/\/www.proma.com.br\/blog\/wp-json\/wp\/v2\/media?parent=8742"}],"wp:term":[{"taxonomy":"category","embeddable":true,"href":"https:\/\/www.proma.com.br\/blog\/wp-json\/wp\/v2\/categories?post=8742"},{"taxonomy":"post_tag","embeddable":true,"href":"https:\/\/www.proma.com.br\/blog\/wp-json\/wp\/v2\/tags?post=8742"}],"curies":[{"name":"wp","href":"https:\/\/api.w.org\/{rel}","templated":true}]}}